{"id":67873,"date":"2009-07-22T15:22:26","date_gmt":"2009-07-22T13:22:26","guid":{"rendered":"http:\/\/www.ivg.it\/2009\/07\/22\/albenga-confagricoltura\/"},"modified":"2009-07-23T10:36:34","modified_gmt":"2009-07-23T08:36:34","slug":"albenga-confagricoltura","status":"publish","type":"post","link":"https:\/\/staging.ivg.it\/2009\/07\/albenga-confagricoltura\/","title":{"rendered":"Albenga, Confagricoltura: Mansuino segretario regionale"},"content":{"rendered":"<p><strong>[thumb:13403:l]Albenga.<\/strong> C&#8217;erano tutti gli stati generali della Confagricoltura ligure e nazionale, a partire dal presidente nazionale Federico Vecchioni, per il rinnovo del direttivo regionale che si \u00e8 svolto ad Albenga.<\/p>\n<p>Il presidente nazionale ha parlato di un&#8217;agricoltura ligure che regge molto meglio la crisi rispetto ad altre regioni italiane. &#8220;Noi abbiamo la necessit\u00e0 che anche le imprese agricole possano accedere alla moratoria sugli oneri finanziari del ministro Tremonti e per quanto riguarda il costo del lavoro serve la proroga degli incentivi per le zone svantaggiate, che per la Liguria vuole dire svariati milioni di euro. Costo del lavoro e liquidit\u00e0 saranno le sfide del nostro autunno, perch\u00e9 le aziende agricole siano considerate delle PMI, ovvero delle piccole medie aziende&#8221;.<\/p>\n<p>Nel corso della mattinata l&#8217;assemblea ha provveduto alla nomina dei nuovi vertici regionali con l&#8217;elezione dell&#8217;imperiese Andrea Mansuino alla segreteria regionale: &#8220;Il primo compito sar\u00e0 quello di coordinare le realt\u00e0 provinciali per non disperdere risorse ed energie, ed individuare delle politiche comuni per tutto il nostro comparto &#8211; ha detto il neo presidente -. Con la Regione abbiamo gi\u00e0 numerosi tavoli aperti, chiediamo comunque di mantenere una costante attenzione e interventi concreti, per consentire agli agricoltori di essere dinamici&#8221;. [image:13402:r]<\/p>\n<p>&#8220;Per quanto riguarda la riconversione delle aree verso la produzione di prodotti di nicchia \u00e8  una strada interessante e soprattutto qui ad Albenga pu\u00f2 dare ottimi risultati, sfruttando il marchio Albenga che \u00e8 conosciuto e apprezzato in tutta Europa. Senza per\u00f2 dimenticare gli altri aspetti che l&#8217;azienda agricola del futuro dovr\u00e0 avere, come l&#8217;agriturismo o il settore energetico con la produzione di energia alternativa&#8221;.<\/p>\n<p>Anche il presidente provinciale, Enrico Vincenzo, ha puntato l&#8217;attenzione sugli incentivi per le zone svantaggiate, per poter garantire cos\u00ec l&#8217;occupazione: &#8220;Nell&#8217;albenganese lavorano oltre 1500 addetti in questo settore per un totale di oltre 300 mila giornate lavorative, e l&#8217;aumento dei contributi non farebbe che inasprire le difficolt\u00e0 per le nostre aziende&#8221;.<\/p>\n","protected":false},"excerpt":{"rendered":"<p>[thumb:13403:l]Albenga. C&#8217;erano tutti gli stati generali della Confagricoltura ligure e nazionale, a partire dal presidente nazionale Federico Vecchioni, per il rinnovo del direttivo regionale che si \u00e8 svolto ad Albenga. Il presidente nazionale ha parlato di un&#8217;agricoltura ligure che regge molto meglio la crisi rispetto ad altre regioni italiane. &#8220;Noi abbiamo la necessit\u00e0 che anche [&hellip;]<\/p>\n","protected":false},"author":4,"featured_media":0,"comment_status":"open","ping_status":"closed","sticky":false,"template":"","format":"standard","meta":{"footnotes":""},"categories":[35],"tags":[2892,560,296,85841,853,11080,2653,325,295],"class_list":["post-67873","post","type-post","status-publish","format-standard","hentry","category-economia","tag-agricoltori","tag-agricoltura","tag-agriturismo","tag-albenga","tag-albenganese","tag-andrea-mansuino","tag-aziende-agricole","tag-comuni","tag-regione","post_cat_citta-albenga","post_cat_citta-andora"],"amp_validity":null,"amp_enabled":true,"_links":{"self":[{"href":"https:\/\/staging.ivg.it\/ediapi\/wp\/v2\/posts\/67873","targetHints":{"allow":["GET"]}}],"collection":[{"href":"https:\/\/staging.ivg.it\/ediapi\/wp\/v2\/posts"}],"about":[{"href":"https:\/\/staging.ivg.it\/ediapi\/wp\/v2\/types\/post"}],"author":[{"embeddable":true,"href":"https:\/\/staging.ivg.it\/ediapi\/wp\/v2\/users\/4"}],"replies":[{"embeddable":true,"href":"https:\/\/staging.ivg.it\/ediapi\/wp\/v2\/comments?post=67873"}],"version-history":[{"count":0,"href":"https:\/\/staging.ivg.it\/ediapi\/wp\/v2\/posts\/67873\/revisions"}],"wp:attachment":[{"href":"https:\/\/staging.ivg.it\/ediapi\/wp\/v2\/media?parent=67873"}],"wp:term":[{"taxonomy":"category","embeddable":true,"href":"https:\/\/staging.ivg.it\/ediapi\/wp\/v2\/categories?post=67873"},{"taxonomy":"post_tag","embeddable":true,"href":"https:\/\/staging.ivg.it\/ediapi\/wp\/v2\/tags?post=67873"}],"curies":[{"name":"wp","href":"https:\/\/api.w.org\/{rel}","templated":true}]}}