{"id":67758,"date":"2009-07-21T13:53:27","date_gmt":"2009-07-21T11:53:27","guid":{"rendered":"http:\/\/www.ivg.it\/2009\/07\/21\/cairo-visita-guidata-al-centro-e-alle-frazioni\/"},"modified":"2009-07-21T13:53:27","modified_gmt":"2009-07-21T11:53:27","slug":"cairo-visita-guidata-al-centro-e-alle-frazioni","status":"publish","type":"post","link":"https:\/\/staging.ivg.it\/2009\/07\/cairo-visita-guidata-al-centro-e-alle-frazioni\/","title":{"rendered":"Cairo, visita guidata al centro e alle frazioni"},"content":{"rendered":"<p><strong>[thumb:4536:l]Cairo Montenotte<\/strong>. Una visita guidata del centro storico di Cairo, del sito napoleonico di Montenotte e delle frazioni di Ferrania e Rocchetta, \u00e8 in programma per luned\u00ec 10 agosto. L&#8217;iniziativa partir\u00e0 alle ore 17 e si prevede una durata di circa 2 ore, con il ritorno giusto in tempo per l&#8217;apertura di Cairo Medievale e delle sue bancarelle con le specialit\u00e0 gastronomiche locali.<\/p>\n<p>La visita \u00e8 organizzata dalla Esseci Servizi e Comunicazione di Cairo Montenotte, in collaborazione con il Comune e con la Pro Loco. Il costo di partecipazione \u00e8 pari a 5 euro a persona, fino all&#8217;esaurimento dei posti disponibili per il trasporto. La visita ridotta, limitata al centro storico di Cairo Montenotte, si potr\u00e0 effettuare al costo di 2 euro. Per informazioni e prenotazioni \u00e8 possibile contattare il 3317318228, tutti i giorni dalle 10 alle 19. La chiusura prenotazioni \u00e8 fissata alle ore 12 di luned\u00ec 10 agosto.<\/p>\n","protected":false},"excerpt":{"rendered":"<p>[thumb:4536:l]Cairo Montenotte. Una visita guidata del centro storico di Cairo, del sito napoleonico di Montenotte e delle frazioni di Ferrania e Rocchetta, \u00e8 in programma per luned\u00ec 10 agosto. L&#8217;iniziativa partir\u00e0 alle ore 17 e si prevede una durata di circa 2 ore, con il ritorno giusto in tempo per l&#8217;apertura di Cairo Medievale e [&hellip;]<\/p>\n","protected":false},"author":5,"featured_media":0,"comment_status":"open","ping_status":"closed","sticky":false,"template":"","format":"standard","meta":{"footnotes":""},"categories":[],"tags":[151,85992,405,2962],"class_list":["post-67758","post","type-post","status-publish","format-standard","hentry","tag-cairo","tag-ferrania","tag-rocchetta","tag-visita","post_cat_citta-cairo-montenotte"],"amp_validity":null,"amp_enabled":true,"_links":{"self":[{"href":"https:\/\/staging.ivg.it\/ediapi\/wp\/v2\/posts\/67758","targetHints":{"allow":["GET"]}}],"collection":[{"href":"https:\/\/staging.ivg.it\/ediapi\/wp\/v2\/posts"}],"about":[{"href":"https:\/\/staging.ivg.it\/ediapi\/wp\/v2\/types\/post"}],"author":[{"embeddable":true,"href":"https:\/\/staging.ivg.it\/ediapi\/wp\/v2\/users\/5"}],"replies":[{"embeddable":true,"href":"https:\/\/staging.ivg.it\/ediapi\/wp\/v2\/comments?post=67758"}],"version-history":[{"count":0,"href":"https:\/\/staging.ivg.it\/ediapi\/wp\/v2\/posts\/67758\/revisions"}],"wp:attachment":[{"href":"https:\/\/staging.ivg.it\/ediapi\/wp\/v2\/media?parent=67758"}],"wp:term":[{"taxonomy":"category","embeddable":true,"href":"https:\/\/staging.ivg.it\/ediapi\/wp\/v2\/categories?post=67758"},{"taxonomy":"post_tag","embeddable":true,"href":"https:\/\/staging.ivg.it\/ediapi\/wp\/v2\/tags?post=67758"}],"curies":[{"name":"wp","href":"https:\/\/api.w.org\/{rel}","templated":true}]}}