{"id":67708,"date":"2009-07-21T07:00:42","date_gmt":"2009-07-21T05:00:42","guid":{"rendered":"http:\/\/www.ivg.it\/2009\/07\/21\/incidente-a-toirano-operato-il-padre-il-sindaco\/"},"modified":"2009-07-21T12:02:29","modified_gmt":"2009-07-21T10:02:29","slug":"incidente-a-toirano-operato-il-padre-il-sindaco","status":"publish","type":"post","link":"https:\/\/staging.ivg.it\/2009\/07\/incidente-a-toirano-operato-il-padre-il-sindaco\/","title":{"rendered":"Incidente a Toirano: operato il padre del sindaco"},"content":{"rendered":"<p><strong>[thumb:139:l]Toirano<\/strong>. Ha riportato varie fratture e un trauma addominale Giovanni Tab\u00f2, 66 anni, padre del sindaco di Toirano. Con la sua Ape Piaggio si \u00e8 scontrato con una Fiat Punto che proveniva dal senso opposto presso l&#8217;ingresso della citt\u00e0 della Val Varatella. Nel motocarro, che si \u00e8 ribaltato e accartocciato, il conducente \u00e8 rimasto a lungo incastrato. Estratto dall&#8217;abitacolo e trasportato all&#8217;ospedale San Corona, \u00e8 stato sottoposto ad un intervento chirurgico.<\/p>\n","protected":false},"excerpt":{"rendered":"<p>[thumb:139:l]Toirano. Ha riportato varie fratture e un trauma addominale Giovanni Tab\u00f2, 66 anni, padre del sindaco di Toirano. Con la sua Ape Piaggio si \u00e8 scontrato con una Fiat Punto che proveniva dal senso opposto presso l&#8217;ingresso della citt\u00e0 della Val Varatella. Nel motocarro, che si \u00e8 ribaltato e accartocciato, il conducente \u00e8 rimasto a [&hellip;]<\/p>\n","protected":false},"author":13744,"featured_media":0,"comment_status":"open","ping_status":"closed","sticky":false,"template":"","format":"standard","meta":{"footnotes":""},"categories":[34],"tags":[309,85952],"class_list":["post-67708","post","type-post","status-publish","format-standard","hentry","category-cronaca","tag-incidente","tag-toirano","post_cat_citta-toirano"],"amp_validity":null,"amp_enabled":true,"_links":{"self":[{"href":"https:\/\/staging.ivg.it\/ediapi\/wp\/v2\/posts\/67708","targetHints":{"allow":["GET"]}}],"collection":[{"href":"https:\/\/staging.ivg.it\/ediapi\/wp\/v2\/posts"}],"about":[{"href":"https:\/\/staging.ivg.it\/ediapi\/wp\/v2\/types\/post"}],"author":[{"embeddable":true,"href":"https:\/\/staging.ivg.it\/ediapi\/wp\/v2\/users\/13744"}],"replies":[{"embeddable":true,"href":"https:\/\/staging.ivg.it\/ediapi\/wp\/v2\/comments?post=67708"}],"version-history":[{"count":0,"href":"https:\/\/staging.ivg.it\/ediapi\/wp\/v2\/posts\/67708\/revisions"}],"wp:attachment":[{"href":"https:\/\/staging.ivg.it\/ediapi\/wp\/v2\/media?parent=67708"}],"wp:term":[{"taxonomy":"category","embeddable":true,"href":"https:\/\/staging.ivg.it\/ediapi\/wp\/v2\/categories?post=67708"},{"taxonomy":"post_tag","embeddable":true,"href":"https:\/\/staging.ivg.it\/ediapi\/wp\/v2\/tags?post=67708"}],"curies":[{"name":"wp","href":"https:\/\/api.w.org\/{rel}","templated":true}]}}