{"id":67009,"date":"2009-07-15T11:39:04","date_gmt":"2009-07-15T09:39:04","guid":{"rendered":"http:\/\/www.ivg.it\/2009\/07\/15\/conferenza-per-celebrare-i-40-anni-dello-sbarco-sulla-luna\/"},"modified":"2009-07-15T11:40:38","modified_gmt":"2009-07-15T09:40:38","slug":"conferenza-per-celebrare-i-40-anni-dello-sbarco-sulla-luna","status":"publish","type":"post","link":"https:\/\/staging.ivg.it\/2009\/07\/conferenza-per-celebrare-i-40-anni-dello-sbarco-sulla-luna\/","title":{"rendered":"Conferenza per celebrare i 40 anni dello &#8220;sbarco&#8221; sulla Luna"},"content":{"rendered":"<p><strong>[thumb:13286:l]Savona. <\/strong>L&#8217;associazione astrofili &#8220;Orione&#8221; ricorder\u00e0, quarant&#8217;anni dopo, la missione dell&#8217;Apollo 11. Lo sbarco dell&#8217;uomo sulla Luna sar\u00e0 commemorato nel corso di una conferenza in programma domani, gioved\u00ec 16 luglio, alle 21, nella sala convegni dell&#8217;Hotel Riviera Suisse di Savona. Inoltre presso il bar Top di via Paleocapa saranno esposti due tabelloni con foto ed informazioni sull&#8217;avventura spaziale del 1969.<\/p>\n","protected":false},"excerpt":{"rendered":"<p>[thumb:13286:l]Savona. L&#8217;associazione astrofili &#8220;Orione&#8221; ricorder\u00e0, quarant&#8217;anni dopo, la missione dell&#8217;Apollo 11. Lo sbarco dell&#8217;uomo sulla Luna sar\u00e0 commemorato nel corso di una conferenza in programma domani, gioved\u00ec 16 luglio, alle 21, nella sala convegni dell&#8217;Hotel Riviera Suisse di Savona. Inoltre presso il bar Top di via Paleocapa saranno esposti due tabelloni con foto ed informazioni [&hellip;]<\/p>\n","protected":false},"author":13744,"featured_media":0,"comment_status":"open","ping_status":"closed","sticky":false,"template":"","format":"standard","meta":{"footnotes":""},"categories":[56],"tags":[6976,10926,85850],"class_list":["post-67009","post","type-post","status-publish","format-standard","hentry","category-altre","tag-associazione-astrofili-orione","tag-luna","tag-savona","post_cat_citta-savona"],"amp_validity":null,"amp_enabled":true,"_links":{"self":[{"href":"https:\/\/staging.ivg.it\/ediapi\/wp\/v2\/posts\/67009","targetHints":{"allow":["GET"]}}],"collection":[{"href":"https:\/\/staging.ivg.it\/ediapi\/wp\/v2\/posts"}],"about":[{"href":"https:\/\/staging.ivg.it\/ediapi\/wp\/v2\/types\/post"}],"author":[{"embeddable":true,"href":"https:\/\/staging.ivg.it\/ediapi\/wp\/v2\/users\/13744"}],"replies":[{"embeddable":true,"href":"https:\/\/staging.ivg.it\/ediapi\/wp\/v2\/comments?post=67009"}],"version-history":[{"count":0,"href":"https:\/\/staging.ivg.it\/ediapi\/wp\/v2\/posts\/67009\/revisions"}],"wp:attachment":[{"href":"https:\/\/staging.ivg.it\/ediapi\/wp\/v2\/media?parent=67009"}],"wp:term":[{"taxonomy":"category","embeddable":true,"href":"https:\/\/staging.ivg.it\/ediapi\/wp\/v2\/categories?post=67009"},{"taxonomy":"post_tag","embeddable":true,"href":"https:\/\/staging.ivg.it\/ediapi\/wp\/v2\/tags?post=67009"}],"curies":[{"name":"wp","href":"https:\/\/api.w.org\/{rel}","templated":true}]}}