{"id":66791,"date":"2009-07-13T16:03:47","date_gmt":"2009-07-13T14:03:47","guid":{"rendered":"http:\/\/www.ivg.it\/2009\/07\/13\/il-sindaco-floris-in-estate-trasporto-merci-solo-via-mare\/"},"modified":"2009-07-14T11:31:32","modified_gmt":"2009-07-14T09:31:32","slug":"il-sindaco-floris-in-estate-trasporto-merci-solo-via-mare","status":"publish","type":"post","link":"https:\/\/staging.ivg.it\/2009\/07\/il-sindaco-floris-in-estate-trasporto-merci-solo-via-mare\/","title":{"rendered":"Il sindaco Floris: &#8220;In estate trasporto merci solo via mare&#8221;"},"content":{"rendered":"<p><strong>[thumb:12973:l]Andora. <\/strong>Si \u00e8 ormai fatto portavoce del problema numero uno del ponente savonese: le infrastrutture. Il sindaco di Andora Franco Floris, dopo aver denunciato l&#8217;empasse nei lavori del raddoppio ferroviario, dell&#8217;Aurelia Bis, e del progetto dell&#8217;Albenga-Carcare-Predosa (<a href=\"http:\/\/webtv.ivg.it\/video\/2009\/07\/04\/5319\/ponente-infrastrutture-appello-del-sindaco-floris\" target=\"_self\">guarda il video<\/a>), lancia una proposta, almeno provvisoria, per migliorare la mobilit\u00e0 nel ponente ligure, in particolare per alleggerire il flusso di traffico sull&#8217;Autofiori: &#8220;Si potrebbero trasportare i camion e le merci solo su nave, con un carico a Ventimiglia e diretto verso il porto di Genova e gli altri scali liguri. Magari solo nei mesi estivi e in attesa della realizzazione delle nuove opere infrastrutturali che questo territorio attende&#8221;, afferma ad IVG.it il primo cittadino andorese: &#8220;Si potrebbero togliere dall&#8217;Autofiori tutti i mezzi pesanti che dalla Spagna e dalla Francia sono diretti in Liguria, e con percorso inverso, riducendo i costi del trasporto e in una tempistica grosso modo simile&#8221;.<\/p>\n<p>Il sindaco Floris ha in agenda un incontro con il presidente della Port Authority di Genova Luigi Merlo, per poi presentare l&#8217;idea agli altri due presidenti delle Autorit\u00e0 portuali di Savona e Spezia. &#8220;Le istituzioni devono fare la loro parte. Incontrer\u00f2 anche il presidente della Regione Claudio Burlando. Prima di tutto \u00e8 necessario verificare una fattibilit\u00e0 tecnico-operativa di questo tipo di trasporto, comunque una soluzione \u00e8 necessario trovarla in quanto i residenti, i nostri turisti e gli operatori economici del ponente non possono pi\u00f9 aspettare&#8221;.<\/p>\n","protected":false},"excerpt":{"rendered":"<p>[thumb:12973:l]Andora. Si \u00e8 ormai fatto portavoce del problema numero uno del ponente savonese: le infrastrutture. Il sindaco di Andora Franco Floris, dopo aver denunciato l&#8217;empasse nei lavori del raddoppio ferroviario, dell&#8217;Aurelia Bis, e del progetto dell&#8217;Albenga-Carcare-Predosa (guarda il video), lancia una proposta, almeno provvisoria, per migliorare la mobilit\u00e0 nel ponente ligure, in particolare per alleggerire [&hellip;]<\/p>\n","protected":false},"author":4,"featured_media":0,"comment_status":"open","ping_status":"closed","sticky":false,"template":"","format":"standard","meta":{"footnotes":""},"categories":[35],"tags":[897,822,284,326,665,421,141],"class_list":["post-66791","post","type-post","status-publish","format-standard","hentry","category-economia","tag-aurelia-bis","tag-autofiori","tag-claudio-burlando","tag-franco-floris","tag-spagna","tag-turisti","tag-video","post_cat_citta-andora"],"amp_validity":null,"amp_enabled":true,"_links":{"self":[{"href":"https:\/\/staging.ivg.it\/ediapi\/wp\/v2\/posts\/66791","targetHints":{"allow":["GET"]}}],"collection":[{"href":"https:\/\/staging.ivg.it\/ediapi\/wp\/v2\/posts"}],"about":[{"href":"https:\/\/staging.ivg.it\/ediapi\/wp\/v2\/types\/post"}],"author":[{"embeddable":true,"href":"https:\/\/staging.ivg.it\/ediapi\/wp\/v2\/users\/4"}],"replies":[{"embeddable":true,"href":"https:\/\/staging.ivg.it\/ediapi\/wp\/v2\/comments?post=66791"}],"version-history":[{"count":0,"href":"https:\/\/staging.ivg.it\/ediapi\/wp\/v2\/posts\/66791\/revisions"}],"wp:attachment":[{"href":"https:\/\/staging.ivg.it\/ediapi\/wp\/v2\/media?parent=66791"}],"wp:term":[{"taxonomy":"category","embeddable":true,"href":"https:\/\/staging.ivg.it\/ediapi\/wp\/v2\/categories?post=66791"},{"taxonomy":"post_tag","embeddable":true,"href":"https:\/\/staging.ivg.it\/ediapi\/wp\/v2\/tags?post=66791"}],"curies":[{"name":"wp","href":"https:\/\/api.w.org\/{rel}","templated":true}]}}