{"id":66547,"date":"2009-07-11T08:23:24","date_gmt":"2009-07-11T06:23:24","guid":{"rendered":"http:\/\/www.ivg.it\/2009\/07\/11\/albenga-nonna-clotilde-compie-100-anni\/"},"modified":"2009-07-11T08:23:24","modified_gmt":"2009-07-11T06:23:24","slug":"albenga-nonna-clotilde-compie-100-anni","status":"publish","type":"post","link":"https:\/\/staging.ivg.it\/2009\/07\/albenga-nonna-clotilde-compie-100-anni\/","title":{"rendered":"Albenga, nonna Clotilde compie 100 anni"},"content":{"rendered":"<p><strong>[thumb:12136:l]Albenga<\/strong>. Compie cento anni Clotilde Cartasegna, ospite dell&#8217;Istituto Trincheri di Albenga. Il traguardo di longevit\u00e0 sar\u00e0 festeggiato luned\u00ec 13 luglio, alle ore 16, all&#8217;interno della residenza protetta, anche con un&#8217;esibizione di fisarmonica.<\/p>\n<p>L&#8217;istituto albenganese, oltre che luogo di cura e accudimento degli anziani, offre inoltre ai non pi\u00f9 giovani un ristorante aperto per socializzare e aggregarsi. Le persone con difficolt\u00e0 possono anche usufruire del pasto recapitato a casa propria.<\/p>\n","protected":false},"excerpt":{"rendered":"<p>[thumb:12136:l]Albenga. Compie cento anni Clotilde Cartasegna, ospite dell&#8217;Istituto Trincheri di Albenga. Il traguardo di longevit\u00e0 sar\u00e0 festeggiato luned\u00ec 13 luglio, alle ore 16, all&#8217;interno della residenza protetta, anche con un&#8217;esibizione di fisarmonica. L&#8217;istituto albenganese, oltre che luogo di cura e accudimento degli anziani, offre inoltre ai non pi\u00f9 giovani un ristorante aperto per socializzare e [&hellip;]<\/p>\n","protected":false},"author":13744,"featured_media":0,"comment_status":"open","ping_status":"closed","sticky":false,"template":"","format":"standard","meta":{"footnotes":""},"categories":[],"tags":[85841,937,1837,9543],"class_list":["post-66547","post","type-post","status-publish","format-standard","hentry","tag-albenga","tag-anziani","tag-centenaria","tag-istituto-trincheri","post_cat_citta-albenga"],"amp_validity":null,"amp_enabled":true,"_links":{"self":[{"href":"https:\/\/staging.ivg.it\/ediapi\/wp\/v2\/posts\/66547","targetHints":{"allow":["GET"]}}],"collection":[{"href":"https:\/\/staging.ivg.it\/ediapi\/wp\/v2\/posts"}],"about":[{"href":"https:\/\/staging.ivg.it\/ediapi\/wp\/v2\/types\/post"}],"author":[{"embeddable":true,"href":"https:\/\/staging.ivg.it\/ediapi\/wp\/v2\/users\/13744"}],"replies":[{"embeddable":true,"href":"https:\/\/staging.ivg.it\/ediapi\/wp\/v2\/comments?post=66547"}],"version-history":[{"count":0,"href":"https:\/\/staging.ivg.it\/ediapi\/wp\/v2\/posts\/66547\/revisions"}],"wp:attachment":[{"href":"https:\/\/staging.ivg.it\/ediapi\/wp\/v2\/media?parent=66547"}],"wp:term":[{"taxonomy":"category","embeddable":true,"href":"https:\/\/staging.ivg.it\/ediapi\/wp\/v2\/categories?post=66547"},{"taxonomy":"post_tag","embeddable":true,"href":"https:\/\/staging.ivg.it\/ediapi\/wp\/v2\/tags?post=66547"}],"curies":[{"name":"wp","href":"https:\/\/api.w.org\/{rel}","templated":true}]}}