{"id":66293,"date":"2009-07-09T11:47:57","date_gmt":"2009-07-09T09:47:57","guid":{"rendered":"http:\/\/www.ivg.it\/2009\/07\/09\/protesta-dei-lavoratori-bombardier-sostegno-dai-comunisti-italiani\/"},"modified":"2009-07-09T11:48:23","modified_gmt":"2009-07-09T09:48:23","slug":"protesta-dei-lavoratori-bombardier-sostegno-dai-comunisti-italiani","status":"publish","type":"post","link":"https:\/\/staging.ivg.it\/2009\/07\/protesta-dei-lavoratori-bombardier-sostegno-dai-comunisti-italiani\/","title":{"rendered":"Protesta dei lavoratori Bombardier: sostegno dai Comunisti Italiani"},"content":{"rendered":"<p><strong>[thumb:12484:l]Vado Ligure<\/strong>. La federazione provinciale del Partito dei Comunisti Italiani esprime il proprio sostegno ai lavoratori della Bombardier di Vado Ligure che stanno manifestando a Savona. &#8220;Siamo vicini ai lavoratori in questo difficile momento che vede messi a rischio i loro posti di lavoro &#8211; dichiara Claudio Gianetto, segretario provinciale del PdCI &#8211; Abbiamo partecipato al corteo, volutamente senza bandiere, perch\u00e9 riteniamo che sia l\u00ec il nostro posto: vicino agli operai e tra coloro che difendono i loro diritti. Il lavoro \u00e8 un diritto sancito dalla Costituzione, anche se troppo spesso qualcuno preferisce dimenticarlo, e difenderlo \u00e8 un dovere di chiunque si dichiari democratico se non, come noi, comunista&#8221;.<\/p>\n<p>&#8220;In questo momento \u00e8 importante &#8211; continua Gianetto &#8211; mettere in campo tutte le forze possibili per aiutare a mantenere i livelli occupazionali, perch\u00e9 la crisi economica del nostro Paese non \u00e8 n\u00e9 frutto di pessimismo n\u00e9 superata come vogliono farci credere. Il nostro partito \u00e8 impegnato anche nelle istituzioni a portare avanti questo difficile compito e lo dimostra l&#8217;impegno costante che Enrico Vesco, assessore regionale alle politiche del lavoro ma anche segretario regionale del PdCI, dimostra anche in questa difficile trattativa&#8221;.<\/p>\n","protected":false},"excerpt":{"rendered":"<p>[thumb:12484:l]Vado Ligure. La federazione provinciale del Partito dei Comunisti Italiani esprime il proprio sostegno ai lavoratori della Bombardier di Vado Ligure che stanno manifestando a Savona. &#8220;Siamo vicini ai lavoratori in questo difficile momento che vede messi a rischio i loro posti di lavoro &#8211; dichiara Claudio Gianetto, segretario provinciale del PdCI &#8211; Abbiamo partecipato [&hellip;]<\/p>\n","protected":false},"author":13744,"featured_media":0,"comment_status":"open","ping_status":"closed","sticky":false,"template":"","format":"standard","meta":{"footnotes":""},"categories":[31],"tags":[4078,3967,577,85850,85979],"class_list":["post-66293","post","type-post","status-publish","format-standard","hentry","category-politica","tag-bombardier","tag-claudio-gianetto","tag-comunisti-italiani","tag-savona","tag-vado-ligure","post_cat_citta-savona","post_cat_citta-vado-ligure"],"amp_validity":null,"amp_enabled":true,"_links":{"self":[{"href":"https:\/\/staging.ivg.it\/ediapi\/wp\/v2\/posts\/66293","targetHints":{"allow":["GET"]}}],"collection":[{"href":"https:\/\/staging.ivg.it\/ediapi\/wp\/v2\/posts"}],"about":[{"href":"https:\/\/staging.ivg.it\/ediapi\/wp\/v2\/types\/post"}],"author":[{"embeddable":true,"href":"https:\/\/staging.ivg.it\/ediapi\/wp\/v2\/users\/13744"}],"replies":[{"embeddable":true,"href":"https:\/\/staging.ivg.it\/ediapi\/wp\/v2\/comments?post=66293"}],"version-history":[{"count":0,"href":"https:\/\/staging.ivg.it\/ediapi\/wp\/v2\/posts\/66293\/revisions"}],"wp:attachment":[{"href":"https:\/\/staging.ivg.it\/ediapi\/wp\/v2\/media?parent=66293"}],"wp:term":[{"taxonomy":"category","embeddable":true,"href":"https:\/\/staging.ivg.it\/ediapi\/wp\/v2\/categories?post=66293"},{"taxonomy":"post_tag","embeddable":true,"href":"https:\/\/staging.ivg.it\/ediapi\/wp\/v2\/tags?post=66293"}],"curies":[{"name":"wp","href":"https:\/\/api.w.org\/{rel}","templated":true}]}}