{"id":65437,"date":"2009-07-01T18:01:41","date_gmt":"2009-07-01T16:01:41","guid":{"rendered":"http:\/\/www.ivg.it\/2009\/07\/01\/trattamento-dei-rifiuti-a-aumento-dei-costi-interviene-ecosavona\/"},"modified":"2009-07-01T18:01:41","modified_gmt":"2009-07-01T16:01:41","slug":"trattamento-dei-rifiuti-a-aumento-dei-costi-interviene-ecosavona","status":"publish","type":"post","link":"https:\/\/staging.ivg.it\/2009\/07\/trattamento-dei-rifiuti-a-aumento-dei-costi-interviene-ecosavona\/","title":{"rendered":"Trattamento dei rifiuti a aumento dei costi: interviene Ecosavona"},"content":{"rendered":"<p><strong>[thumb:3481:l]Savona.<\/strong> Sull&#8217;entrata in vigore a partire da oggi, 1 luglio, dell&#8217;obbligo di pretrattamento dei rifiuti prima del loro conferimento in discarica la societ\u00e0 Ecosavona aveva inoltrato al Ministero dell&#8217; Ambiente, tramite la Regione Liguria, una richiesta di mantenimento del periodo di proroga per tutto il 2009, richiesta che per\u00f2 non \u00e8 stata accolta.<\/p>\n<p>La societ\u00e0 di Vado Ligure con un notevole sforzo organizzativo ed economico ha integrato in tutta fretta i propri impianti con le attrezzature ed il personale necessario per essere in grado di effettuare il trattamento di tutti i rifiuti al momento del loro arrivo all&#8217;impianto del Boscaccio.<\/p>\n<p>&#8220;Ecosavona si \u00e8 adoperata per risolvere in pochi giorni l&#8217;emergenza derivante dall&#8217;attuazione della normativa &#8211; afferma in una nota Ecosavona &#8211; ed applicando ai Comuni un prezzo del servizio che coprir\u00e0 essenzialmente i costi industriali del trattamento; stiamo studiando inoltre soluzioni finanziarie e condizioni di pagamento che rendano meno impattanti per i Comuni i maggiori esborsi non previsti nei bilanci di previsione del 2009&#8221;.<\/p>\n","protected":false},"excerpt":{"rendered":"<p>[thumb:3481:l]Savona. Sull&#8217;entrata in vigore a partire da oggi, 1 luglio, dell&#8217;obbligo di pretrattamento dei rifiuti prima del loro conferimento in discarica la societ\u00e0 Ecosavona aveva inoltrato al Ministero dell&#8217; Ambiente, tramite la Regione Liguria, una richiesta di mantenimento del periodo di proroga per tutto il 2009, richiesta che per\u00f2 non \u00e8 stata accolta. La societ\u00e0 [&hellip;]<\/p>\n","protected":false},"author":13744,"featured_media":0,"comment_status":"open","ping_status":"closed","sticky":false,"template":"","format":"standard","meta":{"footnotes":""},"categories":[],"tags":[106,325,354,2689,336,2702,2767,295,223,8461,85850,261,85979],"class_list":["post-65437","post","type-post","status-publish","format-standard","hentry","tag-ambiente","tag-comuni","tag-discarica","tag-emergenza","tag-ferimento","tag-ministero","tag-personale","tag-regione","tag-regione-liguria","tag-regione-liguria-2","tag-savona","tag-vado","tag-vado-ligure","post_cat_citta-andora","post_cat_citta-savona"],"amp_validity":null,"amp_enabled":true,"_links":{"self":[{"href":"https:\/\/staging.ivg.it\/ediapi\/wp\/v2\/posts\/65437","targetHints":{"allow":["GET"]}}],"collection":[{"href":"https:\/\/staging.ivg.it\/ediapi\/wp\/v2\/posts"}],"about":[{"href":"https:\/\/staging.ivg.it\/ediapi\/wp\/v2\/types\/post"}],"author":[{"embeddable":true,"href":"https:\/\/staging.ivg.it\/ediapi\/wp\/v2\/users\/13744"}],"replies":[{"embeddable":true,"href":"https:\/\/staging.ivg.it\/ediapi\/wp\/v2\/comments?post=65437"}],"version-history":[{"count":0,"href":"https:\/\/staging.ivg.it\/ediapi\/wp\/v2\/posts\/65437\/revisions"}],"wp:attachment":[{"href":"https:\/\/staging.ivg.it\/ediapi\/wp\/v2\/media?parent=65437"}],"wp:term":[{"taxonomy":"category","embeddable":true,"href":"https:\/\/staging.ivg.it\/ediapi\/wp\/v2\/categories?post=65437"},{"taxonomy":"post_tag","embeddable":true,"href":"https:\/\/staging.ivg.it\/ediapi\/wp\/v2\/tags?post=65437"}],"curies":[{"name":"wp","href":"https:\/\/api.w.org\/{rel}","templated":true}]}}