{"id":65296,"date":"2009-06-30T17:39:14","date_gmt":"2009-06-30T15:39:14","guid":{"rendered":"http:\/\/www.ivg.it\/2009\/06\/30\/riapertura-aurelia-linea-finale-savona-variazioni-orari-per-i-bus-acts\/"},"modified":"2009-06-30T18:38:53","modified_gmt":"2009-06-30T16:38:53","slug":"riapertura-aurelia-linea-finale-savona-variazioni-orari-per-i-bus-acts","status":"publish","type":"post","link":"https:\/\/staging.ivg.it\/2009\/06\/riapertura-aurelia-linea-finale-savona-variazioni-orari-per-i-bus-acts\/","title":{"rendered":"Riapertura Aurelia, linea Finale-Savona: variazioni orari per i bus Acts"},"content":{"rendered":"<p><strong>[thumb:827:l]Finale L. <\/strong>A seguito della riapertura a senso unico alternato della via Aurelia tutti gli orari dei bus Acts della linea Savona-Finale subiranno variazioni. La sostituzione degli orari avverr\u00e0 a partire dalla mezzanotte di questa sera. Sul sito internet aziendale www.acts.it sono gi\u00e0 disponibili (in home page, nella sezione news) quelli aggiornati.<\/p>\n<p>&#8220;Il collegamento fra i Comuni lungo la via Aurelia avverr\u00e0, cos\u00ec come disposto dalla Provincia, tramite semaforizzazione alternata, per tale ragione non si garantisce il rispetto delle frequenze stabilite che saranno, inevitabilmente, soggette a situazioni di traffico. Acts si scusa con gli utenti per i possibili ritardi&#8221;, sottolinea una notra aziendale. Per ulteriori informazioni \u00e8 possibile contattare il numero 800 012727 (attivo nei giorni feriali dal luned\u00ec al venerd\u00ec dalle ore 7.15 alle ore 19.00; il sabato dalle 7.15 alle 13.00) e il sito internet aziendale all&#8217;indirizzo www.acts.it.<\/p>\n","protected":false},"excerpt":{"rendered":"<p>[thumb:827:l]Finale L. A seguito della riapertura a senso unico alternato della via Aurelia tutti gli orari dei bus Acts della linea Savona-Finale subiranno variazioni. La sostituzione degli orari avverr\u00e0 a partire dalla mezzanotte di questa sera. Sul sito internet aziendale www.acts.it sono gi\u00e0 disponibili (in home page, nella sezione news) quelli aggiornati. &#8220;Il collegamento fra [&hellip;]<\/p>\n","protected":false},"author":13744,"featured_media":0,"comment_status":"open","ping_status":"closed","sticky":false,"template":"","format":"standard","meta":{"footnotes":""},"categories":[],"tags":[594,2840,593,209,3431,1363,494,85850,592],"class_list":["post-65296","post","type-post","status-publish","format-standard","hentry","tag-acts","tag-aurelia","tag-bus","tag-finale","tag-informazioni","tag-internet","tag-ritardi","tag-savona","tag-traffico","post_cat_citta-andora","post_cat_citta-finale-ligure","post_cat_citta-savona"],"amp_validity":null,"amp_enabled":true,"_links":{"self":[{"href":"https:\/\/staging.ivg.it\/ediapi\/wp\/v2\/posts\/65296","targetHints":{"allow":["GET"]}}],"collection":[{"href":"https:\/\/staging.ivg.it\/ediapi\/wp\/v2\/posts"}],"about":[{"href":"https:\/\/staging.ivg.it\/ediapi\/wp\/v2\/types\/post"}],"author":[{"embeddable":true,"href":"https:\/\/staging.ivg.it\/ediapi\/wp\/v2\/users\/13744"}],"replies":[{"embeddable":true,"href":"https:\/\/staging.ivg.it\/ediapi\/wp\/v2\/comments?post=65296"}],"version-history":[{"count":0,"href":"https:\/\/staging.ivg.it\/ediapi\/wp\/v2\/posts\/65296\/revisions"}],"wp:attachment":[{"href":"https:\/\/staging.ivg.it\/ediapi\/wp\/v2\/media?parent=65296"}],"wp:term":[{"taxonomy":"category","embeddable":true,"href":"https:\/\/staging.ivg.it\/ediapi\/wp\/v2\/categories?post=65296"},{"taxonomy":"post_tag","embeddable":true,"href":"https:\/\/staging.ivg.it\/ediapi\/wp\/v2\/tags?post=65296"}],"curies":[{"name":"wp","href":"https:\/\/api.w.org\/{rel}","templated":true}]}}