{"id":64883,"date":"2009-06-26T13:55:53","date_gmt":"2009-06-26T11:55:53","guid":{"rendered":"http:\/\/www.ivg.it\/2009\/06\/26\/professioni-sanitarie-raggiunto-laccordo-tra-sindacati-e-regione\/"},"modified":"2009-06-30T08:32:16","modified_gmt":"2009-06-30T06:32:16","slug":"professioni-sanitarie-raggiunto-laccordo-tra-sindacati-e-regione","status":"publish","type":"post","link":"https:\/\/staging.ivg.it\/2009\/06\/professioni-sanitarie-raggiunto-laccordo-tra-sindacati-e-regione\/","title":{"rendered":"Professioni sanitarie: raggiunto l&#8217;accordo tra sindacati e Regione"},"content":{"rendered":"<p><strong>[thumb:2006:l]Liguria. <\/strong>Si \u00e8 concluso con un accordo, che prevede la corresponsione di risorse aggiuntive per i lavoratori della sanit\u00e0 e l&#8217;emanazione di una direttiva riguardante la direzione delle professioni sanitarie, l&#8217;incontro svoltosi marted\u00ec 23 giugno tra le segreterie regionali di Cgil Fp, Cisl Fps, Uil Fpl e l&#8217;assessore regionale alla Salute, Montaldo.<\/p>\n<p>&#8220;In particolare la direttiva &#8211; spiegano i sindacati in una nota &#8211; sancisce l&#8217;autonomia e la valorizzazione delle professioni sanitarie  e dell&#8217;assistente sociale, riconoscendo il contributo e il ruolo di queste figure nella realizzazione del diritto alla salute, nell&#8217;integrazione sociosanitaria e nel miglioramento dell&#8217;organizzazione multiprofessionale delle attivit\u00e0 del servizio sanitario regionale&#8221;.<\/p>\n<p>&#8220;Questo accordo &#8211; sottolineano poi Cgil Fp, Cisl Fps e Uil Fpl &#8211; \u00e8 un risultato molto importante ed \u00e8 stato fortemente voluto. Per questo sar\u00e0 forte il nostro impegno affinch\u00e9 possa trovare concreta applicazione e venga attuato entro il prossimo 30 ottobre, termine ultimo per l&#8217;adozione del patto da parte di tutte le strutture sanitarie della Liguria&#8221;.<\/p>\n","protected":false},"excerpt":{"rendered":"<p>[thumb:2006:l]Liguria. Si \u00e8 concluso con un accordo, che prevede la corresponsione di risorse aggiuntive per i lavoratori della sanit\u00e0 e l&#8217;emanazione di una direttiva riguardante la direzione delle professioni sanitarie, l&#8217;incontro svoltosi marted\u00ec 23 giugno tra le segreterie regionali di Cgil Fp, Cisl Fps, Uil Fpl e l&#8217;assessore regionale alla Salute, Montaldo. &#8220;In particolare la [&hellip;]<\/p>\n","protected":false},"author":13744,"featured_media":0,"comment_status":"open","ping_status":"closed","sticky":false,"template":"","format":"standard","meta":{"footnotes":""},"categories":[56],"tags":[1594,1021,507,2361,2164,295,111,410,2253],"class_list":["post-64883","post","type-post","status-publish","format-standard","hentry","category-altre","tag-accordo","tag-asl","tag-cgil","tag-cisl","tag-infermieri","tag-regione","tag-sanita","tag-sindacati","tag-uil","post_cat_citta-albenga","post_cat_citta-andora","post_cat_citta-cairo-montenotte","post_cat_citta-pietra-ligure","post_cat_citta-savona"],"amp_validity":null,"amp_enabled":true,"_links":{"self":[{"href":"https:\/\/staging.ivg.it\/ediapi\/wp\/v2\/posts\/64883","targetHints":{"allow":["GET"]}}],"collection":[{"href":"https:\/\/staging.ivg.it\/ediapi\/wp\/v2\/posts"}],"about":[{"href":"https:\/\/staging.ivg.it\/ediapi\/wp\/v2\/types\/post"}],"author":[{"embeddable":true,"href":"https:\/\/staging.ivg.it\/ediapi\/wp\/v2\/users\/13744"}],"replies":[{"embeddable":true,"href":"https:\/\/staging.ivg.it\/ediapi\/wp\/v2\/comments?post=64883"}],"version-history":[{"count":0,"href":"https:\/\/staging.ivg.it\/ediapi\/wp\/v2\/posts\/64883\/revisions"}],"wp:attachment":[{"href":"https:\/\/staging.ivg.it\/ediapi\/wp\/v2\/media?parent=64883"}],"wp:term":[{"taxonomy":"category","embeddable":true,"href":"https:\/\/staging.ivg.it\/ediapi\/wp\/v2\/categories?post=64883"},{"taxonomy":"post_tag","embeddable":true,"href":"https:\/\/staging.ivg.it\/ediapi\/wp\/v2\/tags?post=64883"}],"curies":[{"name":"wp","href":"https:\/\/api.w.org\/{rel}","templated":true}]}}