{"id":64877,"date":"2009-06-26T12:55:45","date_gmt":"2009-06-26T10:55:45","guid":{"rendered":"http:\/\/www.ivg.it\/?p=64877"},"modified":"2009-06-27T09:16:08","modified_gmt":"2009-06-27T07:16:08","slug":"rinasce-palazzo-oddo-tabbo-albenga-fulcro-culturale-extracomprensoriale","status":"publish","type":"post","link":"https:\/\/staging.ivg.it\/2009\/06\/rinasce-palazzo-oddo-tabbo-albenga-fulcro-culturale-extracomprensoriale\/","title":{"rendered":"Rinasce Palazzo Oddo, Tabb\u00f2: &#8220;Albenga fulcro culturale extra comprensoriale&#8221;"},"content":{"rendered":"<p>[thumb:12778:l]<strong>Albenga<\/strong>. &#8220;Non sono portato ai facili enstusiasmi, ma \u00e8 davvero un&#8217;emozione vedere Palazzo Oddo restituito all&#8217;uso pubblico in questa forma restaurata&#8221;. Il sovrintendente per i Beni Archeologici della Liguria, Bruno Massab\u00f2, non nasconde l&#8217;ammirazione durante la visita allo storico palazzo seicentesco che ha compiuto stamante con il sindaco Antonello Tabb\u00f2, nel giorno dell&#8217;apertura ufficiale.<\/p>\n<p>Alle 17 \u00e8 prevista la cerimonia di inaugurazione dell&#8217;edificio ingauno in via Roma e, alle 17,30, della mostra &#8220;Magiche Trasparenze&#8221; (esposizione dei vetri dell&#8217;antica Albingaunum) che proporr\u00e0 ai visitatori il noto &#8220;Piatto Blu&#8221;, reperto unico al mondo (ritrovato nel 1995 nel recinto funerario della necropoli settentrionale situata nei pressi di viale Pontelungo).<\/p>\n<p>Il neo restaurato Palazzo Oddo ospita la biblioteca civica con il fondo antico, al secondo piano, e la biblioteca di don Balletto. &#8220;Palazzo Oddo sar\u00e0 dedicato alla cultura, alla storia e scoprir\u00e0 le radici del nostro territorio, matrice comune di tutti noi&#8221; annuncia il primo cittadino Tabb\u00f2, aggiungendo: &#8220;Si realizza un sogno&#8221;.<\/p>\n<p>&#8220;Con il rinato auditorium di San Carlo, con la nuova biblioteca impreziosita dal fondo antico e da quello di don Balletto e con l&#8217;apertura definitiva del seicentesco Palazzo Oddo, completamente destinato alla cultura, la citt\u00e0 di Albenga potr\u00e0 finalmente qualificarsi come fulcro culturale extra comprensoriale&#8221; afferma il sindaco.<\/p>\n<p>&#8220;Il Piatto Blu &#8211; sottolinea poi Tabb\u00f2 &#8211; \u00e8 destinato a divenire uno dei nuovi simboli della nostra citt\u00e0 e delle sue tradizioni, capace di far magicamente rivivere un passato sul quale poggiano le basi il nostro futuro e quello dei nostri figli; il Piatto Blu rivela le nostre radici, racconta dei nostri padri e racchiude in s\u00e9 una lunga storia che deve essere ricordata e tramandata alle future generazioni&#8221;.<\/p>\n","protected":false},"excerpt":{"rendered":"<p>[thumb:12778:l]Albenga. &#8220;Non sono portato ai facili enstusiasmi, ma \u00e8 davvero un&#8217;emozione vedere Palazzo Oddo restituito all&#8217;uso pubblico in questa forma restaurata&#8221;. Il sovrintendente per i Beni Archeologici della Liguria, Bruno Massab\u00f2, non nasconde l&#8217;ammirazione durante la visita allo storico palazzo seicentesco che ha compiuto stamante con il sindaco Antonello Tabb\u00f2, nel giorno dell&#8217;apertura ufficiale. Alle [&hellip;]<\/p>\n","protected":false},"author":13744,"featured_media":0,"comment_status":"open","ping_status":"closed","sticky":false,"template":"","format":"standard","meta":{"footnotes":""},"categories":[],"tags":[85841,288,36,200,854,86119],"class_list":["post-64877","post","type-post","status-publish","format-standard","hentry","tag-albenga","tag-biblioteca","tag-cultura","tag-inaugurazione","tag-lavori","tag-palazzo-oddo","post_cat_citta-albenga"],"amp_validity":null,"amp_enabled":true,"_links":{"self":[{"href":"https:\/\/staging.ivg.it\/ediapi\/wp\/v2\/posts\/64877","targetHints":{"allow":["GET"]}}],"collection":[{"href":"https:\/\/staging.ivg.it\/ediapi\/wp\/v2\/posts"}],"about":[{"href":"https:\/\/staging.ivg.it\/ediapi\/wp\/v2\/types\/post"}],"author":[{"embeddable":true,"href":"https:\/\/staging.ivg.it\/ediapi\/wp\/v2\/users\/13744"}],"replies":[{"embeddable":true,"href":"https:\/\/staging.ivg.it\/ediapi\/wp\/v2\/comments?post=64877"}],"version-history":[{"count":0,"href":"https:\/\/staging.ivg.it\/ediapi\/wp\/v2\/posts\/64877\/revisions"}],"wp:attachment":[{"href":"https:\/\/staging.ivg.it\/ediapi\/wp\/v2\/media?parent=64877"}],"wp:term":[{"taxonomy":"category","embeddable":true,"href":"https:\/\/staging.ivg.it\/ediapi\/wp\/v2\/categories?post=64877"},{"taxonomy":"post_tag","embeddable":true,"href":"https:\/\/staging.ivg.it\/ediapi\/wp\/v2\/tags?post=64877"}],"curies":[{"name":"wp","href":"https:\/\/api.w.org\/{rel}","templated":true}]}}