{"id":64872,"date":"2009-06-26T12:11:01","date_gmt":"2009-06-26T10:11:01","guid":{"rendered":"http:\/\/www.ivg.it\/2009\/06\/26\/genova-pride-ci-sara-anche-il-prc-savonese\/"},"modified":"2009-06-26T12:12:13","modified_gmt":"2009-06-26T10:12:13","slug":"genova-pride-ci-sara-anche-il-prc-savonese","status":"publish","type":"post","link":"https:\/\/staging.ivg.it\/2009\/06\/genova-pride-ci-sara-anche-il-prc-savonese\/","title":{"rendered":"&#8220;Genova Pride&#8221;, ci sar\u00e0 anche il Prc savonese"},"content":{"rendered":"<p><strong>[thumb:9748:l]Savona. <\/strong>Anche la Federazione savonese di Rifondazione comunista parteciper\u00e0 al &#8220;Genova Pride 2009&#8221;. &#8220;Vogliamo esprimere l&#8217;importanza che i diritti civili hanno nel complesso delle lotte sociali che portiamo avanti &#8211; spiega il segretario Marco Ravera &#8211; . E&#8217; dirompente il pregiudizio che oggi si estende su vastissimi settori della societ\u00e0, includendo fobie che si richiamano ad un primigenio istinto di difesa verso ci\u00f2 che poco si conosce o che male si conosce. Altrettanto forte deve quindi essere la risposta progressista, elminando dal proprio vocabolario la parola &#8216;tolleranza&#8217; e sostituendola con la parola &#8216;solidariet\u00e0'&#8221;.<\/p>\n<p>&#8220;Il degrado culturale che viviamo \u00e8 figlio di una demoralizzazione complessiva di una societ\u00e0 che si nutre del profitto e che santifica la normalit\u00e0&#8221; sottilinea ancora Ravera, che poi conclude: &#8220;Del resto, \u00e8 per primo il presidente del Consiglio a magnificare le proprie propensioni sessuali come fenomeno di cultura di massa. Anche per questo \u00e8 importante essere presenti al &#8216;Pride&#8217; genovese per dire senza alcuna ambiguit\u00e0 di sorta che i ragazzi che amano i ragazzi e le ragazze che amano le ragazze vogliono solo vivere felici e hanno tutto il diritto di esserlo. Rifondazione comunista \u00e8 dalla loro parte&#8221;.<\/p>\n","protected":false},"excerpt":{"rendered":"<p>[thumb:9748:l]Savona. Anche la Federazione savonese di Rifondazione comunista parteciper\u00e0 al &#8220;Genova Pride 2009&#8221;. &#8220;Vogliamo esprimere l&#8217;importanza che i diritti civili hanno nel complesso delle lotte sociali che portiamo avanti &#8211; spiega il segretario Marco Ravera &#8211; . E&#8217; dirompente il pregiudizio che oggi si estende su vastissimi settori della societ\u00e0, includendo fobie che si richiamano [&hellip;]<\/p>\n","protected":false},"author":13744,"featured_media":0,"comment_status":"open","ping_status":"closed","sticky":false,"template":"","format":"standard","meta":{"footnotes":""},"categories":[31],"tags":[393,366,1735,367,85850],"class_list":["post-64872","post","type-post","status-publish","format-standard","hentry","category-politica","tag-liguria","tag-marco-ravera","tag-prc","tag-rifondazione-comunista","tag-savona","post_cat_citta-andora","post_cat_citta-savona"],"amp_validity":null,"amp_enabled":true,"_links":{"self":[{"href":"https:\/\/staging.ivg.it\/ediapi\/wp\/v2\/posts\/64872","targetHints":{"allow":["GET"]}}],"collection":[{"href":"https:\/\/staging.ivg.it\/ediapi\/wp\/v2\/posts"}],"about":[{"href":"https:\/\/staging.ivg.it\/ediapi\/wp\/v2\/types\/post"}],"author":[{"embeddable":true,"href":"https:\/\/staging.ivg.it\/ediapi\/wp\/v2\/users\/13744"}],"replies":[{"embeddable":true,"href":"https:\/\/staging.ivg.it\/ediapi\/wp\/v2\/comments?post=64872"}],"version-history":[{"count":0,"href":"https:\/\/staging.ivg.it\/ediapi\/wp\/v2\/posts\/64872\/revisions"}],"wp:attachment":[{"href":"https:\/\/staging.ivg.it\/ediapi\/wp\/v2\/media?parent=64872"}],"wp:term":[{"taxonomy":"category","embeddable":true,"href":"https:\/\/staging.ivg.it\/ediapi\/wp\/v2\/categories?post=64872"},{"taxonomy":"post_tag","embeddable":true,"href":"https:\/\/staging.ivg.it\/ediapi\/wp\/v2\/tags?post=64872"}],"curies":[{"name":"wp","href":"https:\/\/api.w.org\/{rel}","templated":true}]}}