{"id":64514,"date":"2009-06-23T14:10:16","date_gmt":"2009-06-23T12:10:16","guid":{"rendered":"http:\/\/www.ivg.it\/2009\/06\/23\/cosseria-il-sindaco-berruti-presenta-la-sua-squadra-di-governo\/"},"modified":"2009-06-24T07:48:20","modified_gmt":"2009-06-24T05:48:20","slug":"cosseria-il-sindaco-berruti-presenta-la-sua-squadra-di-governo","status":"publish","type":"post","link":"https:\/\/staging.ivg.it\/2009\/06\/cosseria-il-sindaco-berruti-presenta-la-sua-squadra-di-governo\/","title":{"rendered":"Cosseria, il sindaco Berruti presenta la sua squadra di governo"},"content":{"rendered":"<p><strong>[thumb:12888:l]Cosseria. <\/strong>Il neosindaco di Cosseria, Andrea Berruti, ha annunciato i nomi degli assessori che lo affiancheranno nel corso del mandato amministrativo. Vicesindaco sar\u00e0 Marco Bergero, che riceve anche le deleghe ad ambiente e protezione civile, mentre ad occuparsi dei lavori pubblici \u00e8 stato chiamato Renato Barocco. Ivano Gaggero sar\u00e0 invece responsabile del settore pubblica istruzione e servizi sociali. Infine a Roberto Povigna \u00e8 stato assegnato l&#8217;assessorato a sport, turismo e associazionismo.<\/p>\n<p>A rappresentare il Comune di Cosseria presso la Comunit\u00e0 Montana &#8220;Alta Val Bormida&#8221; \u00e8 stato chiamato Ermanno Berruti. Incarico rilevante anche per Daniele Brignone, indicato come presidente del gruppo consiliare di maggioranza.<\/p>\n","protected":false},"excerpt":{"rendered":"<p>[thumb:12888:l]Cosseria. Il neosindaco di Cosseria, Andrea Berruti, ha annunciato i nomi degli assessori che lo affiancheranno nel corso del mandato amministrativo. Vicesindaco sar\u00e0 Marco Bergero, che riceve anche le deleghe ad ambiente e protezione civile, mentre ad occuparsi dei lavori pubblici \u00e8 stato chiamato Renato Barocco. Ivano Gaggero sar\u00e0 invece responsabile del settore pubblica istruzione [&hellip;]<\/p>\n","protected":false},"author":13744,"featured_media":0,"comment_status":"open","ping_status":"closed","sticky":false,"template":"","format":"standard","meta":{"footnotes":""},"categories":[31],"tags":[5796,5197,86019,85902,2062],"class_list":["post-64514","post","type-post","status-publish","format-standard","hentry","category-politica","tag-andrea-berruti","tag-assessori","tag-comune","tag-cosseria","tag-giunta","post_cat_citta-cosseria"],"amp_validity":null,"amp_enabled":true,"_links":{"self":[{"href":"https:\/\/staging.ivg.it\/ediapi\/wp\/v2\/posts\/64514","targetHints":{"allow":["GET"]}}],"collection":[{"href":"https:\/\/staging.ivg.it\/ediapi\/wp\/v2\/posts"}],"about":[{"href":"https:\/\/staging.ivg.it\/ediapi\/wp\/v2\/types\/post"}],"author":[{"embeddable":true,"href":"https:\/\/staging.ivg.it\/ediapi\/wp\/v2\/users\/13744"}],"replies":[{"embeddable":true,"href":"https:\/\/staging.ivg.it\/ediapi\/wp\/v2\/comments?post=64514"}],"version-history":[{"count":0,"href":"https:\/\/staging.ivg.it\/ediapi\/wp\/v2\/posts\/64514\/revisions"}],"wp:attachment":[{"href":"https:\/\/staging.ivg.it\/ediapi\/wp\/v2\/media?parent=64514"}],"wp:term":[{"taxonomy":"category","embeddable":true,"href":"https:\/\/staging.ivg.it\/ediapi\/wp\/v2\/categories?post=64514"},{"taxonomy":"post_tag","embeddable":true,"href":"https:\/\/staging.ivg.it\/ediapi\/wp\/v2\/tags?post=64514"}],"curies":[{"name":"wp","href":"https:\/\/api.w.org\/{rel}","templated":true}]}}