{"id":64248,"date":"2009-06-20T16:41:53","date_gmt":"2009-06-20T14:41:53","guid":{"rendered":"http:\/\/www.ivg.it\/2009\/06\/20\/sassello-il-neo-sindaco-badano-un-programma-con-la-nostra-comunita\/"},"modified":"2009-06-22T07:52:50","modified_gmt":"2009-06-22T05:52:50","slug":"sassello-il-neo-sindaco-badano-un-programma-con-la-nostra-comunita","status":"publish","type":"post","link":"https:\/\/staging.ivg.it\/2009\/06\/sassello-il-neo-sindaco-badano-un-programma-con-la-nostra-comunita\/","title":{"rendered":"Sassello, il neo sindaco Badano: &#8220;Un programma con la nostra comunit\u00e0&#8221;"},"content":{"rendered":"<p><strong>[thumb:12854:l]Sassello.<\/strong> &#8220;Credo che ai meriti della mia lista e del mio progetto amministrativo ci siano anche i demeriti dell&#8217;amministrazione uscente che non ha mai cercato un vero dialogo con i nostri cittadini. Inoltre ha pesato la mia esperienza decennale da sindaco e il ricordo di anni di importanti interventi e cambiamenti per Sassello. E&#8217; stato bello sentirsi dire bentornato&#8230;&#8221;.<\/p>\n<p>Sono le dichiarazioni del sindaco di Sassello Paolo Badano, che ha parlato cos\u00ec del futuro del paese: &#8220;Noi siamo per una amministrazione politica, bens\u00ec per una politica amministrativa, con al centro il paese e nessun altro interesse. Noi non abbiamo un programma cristallizzato, abbiamo un pacchetto di interventi per strade, acquedotto e manutenzione del territorio, il resto verr\u00e0 fatto su indicazione della nostra comunit\u00e0, a partire dai temi del lavoro, del sociale e di una vita quotidiana degna di essere vissuta. Prima cosa \u00e8 vedere lo stato delle casse comunali, che sono in sofferenza, e poi inzieremo la nostra programmazione&#8221;.<\/p>\n","protected":false},"excerpt":{"rendered":"<p>[thumb:12854:l]Sassello. &#8220;Credo che ai meriti della mia lista e del mio progetto amministrativo ci siano anche i demeriti dell&#8217;amministrazione uscente che non ha mai cercato un vero dialogo con i nostri cittadini. Inoltre ha pesato la mia esperienza decennale da sindaco e il ricordo di anni di importanti interventi e cambiamenti per Sassello. E&#8217; stato [&hellip;]<\/p>\n","protected":false},"author":4,"featured_media":0,"comment_status":"open","ping_status":"closed","sticky":false,"template":"","format":"standard","meta":{"footnotes":""},"categories":[31],"tags":[3498,4331,3731,325,715,10420,2711,85947,3015],"class_list":["post-64248","post","type-post","status-publish","format-standard","hentry","category-politica","tag-acquedotto","tag-amministrazione","tag-badano","tag-comuni","tag-manutenzione","tag-paolo-badano","tag-programma","tag-sassello","tag-strade","post_cat_citta-andora","post_cat_citta-sassello"],"amp_validity":null,"amp_enabled":true,"_links":{"self":[{"href":"https:\/\/staging.ivg.it\/ediapi\/wp\/v2\/posts\/64248","targetHints":{"allow":["GET"]}}],"collection":[{"href":"https:\/\/staging.ivg.it\/ediapi\/wp\/v2\/posts"}],"about":[{"href":"https:\/\/staging.ivg.it\/ediapi\/wp\/v2\/types\/post"}],"author":[{"embeddable":true,"href":"https:\/\/staging.ivg.it\/ediapi\/wp\/v2\/users\/4"}],"replies":[{"embeddable":true,"href":"https:\/\/staging.ivg.it\/ediapi\/wp\/v2\/comments?post=64248"}],"version-history":[{"count":0,"href":"https:\/\/staging.ivg.it\/ediapi\/wp\/v2\/posts\/64248\/revisions"}],"wp:attachment":[{"href":"https:\/\/staging.ivg.it\/ediapi\/wp\/v2\/media?parent=64248"}],"wp:term":[{"taxonomy":"category","embeddable":true,"href":"https:\/\/staging.ivg.it\/ediapi\/wp\/v2\/categories?post=64248"},{"taxonomy":"post_tag","embeddable":true,"href":"https:\/\/staging.ivg.it\/ediapi\/wp\/v2\/tags?post=64248"}],"curies":[{"name":"wp","href":"https:\/\/api.w.org\/{rel}","templated":true}]}}