{"id":64119,"date":"2009-06-19T12:50:05","date_gmt":"2009-06-19T10:50:05","guid":{"rendered":"http:\/\/www.ivg.it\/2009\/06\/19\/provinciali-ultimo-appello-di-vaccarezza\/"},"modified":"2009-06-19T13:26:29","modified_gmt":"2009-06-19T11:26:29","slug":"provinciali-ultimo-appello-di-vaccarezza","status":"publish","type":"post","link":"https:\/\/staging.ivg.it\/2009\/06\/provinciali-ultimo-appello-di-vaccarezza\/","title":{"rendered":"Provinciali, ultimo appello di Vaccarezza"},"content":{"rendered":"<p><strong>[thumb:12104:l]Finale Ligure.<\/strong> &#8220;Mi sento decisamente bene, \u00e8 stata una campagna lunga ma davvero bella: mi ha dato la possibilit\u00e0 di incontrare tante persone, mi ha arricchito come uomo, come politico e come amministratore. E&#8217; stata una campagna con talmente tanti ostacoli che mi ha fatto anche scoprire tanti amici e sostenitori, a volte inaspettati&#8221;. Ha iniziato con queste parole il candidato del PdL Angelo Vaccarezza le sue ultime dichiarazioni prima del voto per il ballottaggio delle provinciali.<\/p>\n<p>&#8220;Diversi i ricordi &#8211; prosegue Vaccarezza -: una delle immagini pi\u00f9 belle sar\u00e0 quella di avere riunito l&#8217;altra sera tutti i 192 candidati delle otto liste che mi hanno sostenuto, sono venuti con lo stesso entusiasmo del primo turno: \u00e8 stata la dimostrazione che abbiamo presentato una squadra fatta di persone vere, con un vero progetto amministrativo per la Provincia. L&#8217;altro ricordo \u00e8 un amico iscritto a Rifondazione che mi ha dato il suo voto: anche lui al primo turno mi ha detto che non tutto \u00e8 andato come doveva&#8230;&#8221;.<\/p>\n<p>L&#8217;ultimo appello lanciato da Vaccarezza: &#8220;Andate a votare, la disaffezione nei confronti del voto \u00e8 assurda, 60 anni fa in questo Paese non c&#8217;era il diritto di voto, \u00e8 stata una conquista di vita democratica frutto di grandi sacrifici&#8230;Scegliete uno dei progetti pi\u00f9 affidabili e date al suo candidato presidente la vostra fiducia&#8230;Da parte mia spero di essere il presidente del rilancio di questa Provincia&#8221;.<\/p>\n","protected":false},"excerpt":{"rendered":"<p>[thumb:12104:l]Finale Ligure. &#8220;Mi sento decisamente bene, \u00e8 stata una campagna lunga ma davvero bella: mi ha dato la possibilit\u00e0 di incontrare tante persone, mi ha arricchito come uomo, come politico e come amministratore. E&#8217; stata una campagna con talmente tanti ostacoli che mi ha fatto anche scoprire tanti amici e sostenitori, a volte inaspettati&#8221;. Ha [&hellip;]<\/p>\n","protected":false},"author":4,"featured_media":0,"comment_status":"open","ping_status":"closed","sticky":false,"template":"","format":"standard","meta":{"footnotes":""},"categories":[31],"tags":[3028,2317,321,10203,7025,2915,5005,209,85844,2335,197,216,375,3900,2041],"class_list":["post-64119","post","type-post","status-publish","format-standard","hentry","category-politica","tag-amministratore","tag-angelo-vaccarezza","tag-ballo","tag-ballottaggio","tag-campagna","tag-candidati","tag-candidato","tag-finale","tag-finale-ligure","tag-moc","tag-pd","tag-pdl","tag-provincia","tag-provinciali","tag-vaccarezza","post_cat_citta-andora","post_cat_citta-finale-ligure","post_cat_citta-savona"],"amp_validity":null,"amp_enabled":true,"_links":{"self":[{"href":"https:\/\/staging.ivg.it\/ediapi\/wp\/v2\/posts\/64119","targetHints":{"allow":["GET"]}}],"collection":[{"href":"https:\/\/staging.ivg.it\/ediapi\/wp\/v2\/posts"}],"about":[{"href":"https:\/\/staging.ivg.it\/ediapi\/wp\/v2\/types\/post"}],"author":[{"embeddable":true,"href":"https:\/\/staging.ivg.it\/ediapi\/wp\/v2\/users\/4"}],"replies":[{"embeddable":true,"href":"https:\/\/staging.ivg.it\/ediapi\/wp\/v2\/comments?post=64119"}],"version-history":[{"count":0,"href":"https:\/\/staging.ivg.it\/ediapi\/wp\/v2\/posts\/64119\/revisions"}],"wp:attachment":[{"href":"https:\/\/staging.ivg.it\/ediapi\/wp\/v2\/media?parent=64119"}],"wp:term":[{"taxonomy":"category","embeddable":true,"href":"https:\/\/staging.ivg.it\/ediapi\/wp\/v2\/categories?post=64119"},{"taxonomy":"post_tag","embeddable":true,"href":"https:\/\/staging.ivg.it\/ediapi\/wp\/v2\/tags?post=64119"}],"curies":[{"name":"wp","href":"https:\/\/api.w.org\/{rel}","templated":true}]}}