{"id":63882,"date":"2009-06-18T07:58:40","date_gmt":"2009-06-18T05:58:40","guid":{"rendered":"http:\/\/www.ivg.it\/2009\/06\/18\/atti-vandalici-contro-il-cavi-solidarieta-di-buttiglione\/"},"modified":"2009-06-18T11:58:12","modified_gmt":"2009-06-18T09:58:12","slug":"atti-vandalici-contro-il-cavi-solidarieta-di-buttiglione","status":"publish","type":"post","link":"https:\/\/staging.ivg.it\/2009\/06\/atti-vandalici-contro-il-cavi-solidarieta-di-buttiglione\/","title":{"rendered":"Atti vandalici contro il Cav-i: solidariet\u00e0 di Buttiglione"},"content":{"rendered":"<p><strong>[thumb:9449:l]Albenga<\/strong>. Il presidente dell&#8217;Udc, Rocco Buttiglione, ha espresso la sua solidariet\u00e0 al Centro di Aiuto alla Vita ingauno di Albenga, al suo presidente Eraldo Ciangherotti e alle volontarie e volontari dopo l&#8217;atto di vandalismo che ha danneggiato la Culla per la Vita, manomesso le persiane e imbrattato di materiale organico le mura del Centro.<\/p>\n<p>&#8220;L&#8217;aggressione &#8211; ha commentato l&#8217;onorevole Buttiglione &#8211; \u00e8 segno del degrado morale cui si \u00e8 giunti in certe realt\u00e0, che mal sopportano persino l&#8217;impegno personale e gratuito a difesa della vita&#8221;.<\/p>\n","protected":false},"excerpt":{"rendered":"<p>[thumb:9449:l]Albenga. Il presidente dell&#8217;Udc, Rocco Buttiglione, ha espresso la sua solidariet\u00e0 al Centro di Aiuto alla Vita ingauno di Albenga, al suo presidente Eraldo Ciangherotti e alle volontarie e volontari dopo l&#8217;atto di vandalismo che ha danneggiato la Culla per la Vita, manomesso le persiane e imbrattato di materiale organico le mura del Centro. &#8220;L&#8217;aggressione [&hellip;]<\/p>\n","protected":false},"author":13744,"featured_media":0,"comment_status":"open","ping_status":"closed","sticky":false,"template":"","format":"standard","meta":{"footnotes":""},"categories":[34,31],"tags":[85841,7445,2766,2680],"class_list":["post-63882","post","type-post","status-publish","format-standard","hentry","category-cronaca","category-politica","tag-albenga","tag-cav-ingauno","tag-rocco-buttiglione","tag-vandalismo","post_cat_citta-albenga"],"amp_validity":null,"amp_enabled":true,"_links":{"self":[{"href":"https:\/\/staging.ivg.it\/ediapi\/wp\/v2\/posts\/63882","targetHints":{"allow":["GET"]}}],"collection":[{"href":"https:\/\/staging.ivg.it\/ediapi\/wp\/v2\/posts"}],"about":[{"href":"https:\/\/staging.ivg.it\/ediapi\/wp\/v2\/types\/post"}],"author":[{"embeddable":true,"href":"https:\/\/staging.ivg.it\/ediapi\/wp\/v2\/users\/13744"}],"replies":[{"embeddable":true,"href":"https:\/\/staging.ivg.it\/ediapi\/wp\/v2\/comments?post=63882"}],"version-history":[{"count":0,"href":"https:\/\/staging.ivg.it\/ediapi\/wp\/v2\/posts\/63882\/revisions"}],"wp:attachment":[{"href":"https:\/\/staging.ivg.it\/ediapi\/wp\/v2\/media?parent=63882"}],"wp:term":[{"taxonomy":"category","embeddable":true,"href":"https:\/\/staging.ivg.it\/ediapi\/wp\/v2\/categories?post=63882"},{"taxonomy":"post_tag","embeddable":true,"href":"https:\/\/staging.ivg.it\/ediapi\/wp\/v2\/tags?post=63882"}],"curies":[{"name":"wp","href":"https:\/\/api.w.org\/{rel}","templated":true}]}}