{"id":63490,"date":"2009-06-14T13:28:28","date_gmt":"2009-06-14T11:28:28","guid":{"rendered":"http:\/\/www.ivg.it\/2009\/06\/14\/albissola-koreano-arrestato-per-tentata-rapina\/"},"modified":"2009-06-15T07:57:58","modified_gmt":"2009-06-15T05:57:58","slug":"albissola-koreano-arrestato-per-tentata-rapina","status":"publish","type":"post","link":"https:\/\/staging.ivg.it\/2009\/06\/albissola-koreano-arrestato-per-tentata-rapina\/","title":{"rendered":"Albissola, koreano arrestato per tentata rapina"},"content":{"rendered":"<p><strong>[thumb:4202:l]Albissola M.<\/strong> Tentata rapina. Con questa accusa \u00e8 stato arrestato ieri pomeriggio ad Albissola Marina un cittadino koreano di 36 anni, Kim Giman, da pochi giorni in Italia. L&#8217;uomo ha tentato di forzare il sistema di sicurezza del parcheggio adibito al bike sharing in via delle Industrie, ma \u00e8 stato colto in flagranza dal figlio del maresciallo della stazione di Albisola, Flavio Napoli.<\/p>\n<p>Alla vista del militare il koreano si \u00e8 scagliato contro il giovane, colpendolo e fuggendo poi a piedi. Tuttavia la sua fuga \u00e8 durata poco, in quanto \u00e8 stato intercettato e arrestato da una pattuglia dei carabinieri. Il 36enne \u00e8 stato associato al cercere Sant&#8217;Agostino di Savona.<\/p>\n","protected":false},"excerpt":{"rendered":"<p>[thumb:4202:l]Albissola M. Tentata rapina. Con questa accusa \u00e8 stato arrestato ieri pomeriggio ad Albissola Marina un cittadino koreano di 36 anni, Kim Giman, da pochi giorni in Italia. L&#8217;uomo ha tentato di forzare il sistema di sicurezza del parcheggio adibito al bike sharing in via delle Industrie, ma \u00e8 stato colto in flagranza dal figlio [&hellip;]<\/p>\n","protected":false},"author":4,"featured_media":0,"comment_status":"open","ping_status":"closed","sticky":false,"template":"","format":"standard","meta":{"footnotes":""},"categories":[34],"tags":[86007,228,4626,691,2909,9944,2662,2422],"class_list":["post-63490","post","type-post","status-publish","format-standard","hentry","category-cronaca","tag-albissola-marina","tag-carabinieri","tag-napoli","tag-parcheggi","tag-parcheggio","tag-pattuglia","tag-santagostino","tag-stazione","post_cat_citta-albissola-marina","post_cat_citta-andora"],"amp_validity":null,"amp_enabled":true,"_links":{"self":[{"href":"https:\/\/staging.ivg.it\/ediapi\/wp\/v2\/posts\/63490","targetHints":{"allow":["GET"]}}],"collection":[{"href":"https:\/\/staging.ivg.it\/ediapi\/wp\/v2\/posts"}],"about":[{"href":"https:\/\/staging.ivg.it\/ediapi\/wp\/v2\/types\/post"}],"author":[{"embeddable":true,"href":"https:\/\/staging.ivg.it\/ediapi\/wp\/v2\/users\/4"}],"replies":[{"embeddable":true,"href":"https:\/\/staging.ivg.it\/ediapi\/wp\/v2\/comments?post=63490"}],"version-history":[{"count":0,"href":"https:\/\/staging.ivg.it\/ediapi\/wp\/v2\/posts\/63490\/revisions"}],"wp:attachment":[{"href":"https:\/\/staging.ivg.it\/ediapi\/wp\/v2\/media?parent=63490"}],"wp:term":[{"taxonomy":"category","embeddable":true,"href":"https:\/\/staging.ivg.it\/ediapi\/wp\/v2\/categories?post=63490"},{"taxonomy":"post_tag","embeddable":true,"href":"https:\/\/staging.ivg.it\/ediapi\/wp\/v2\/tags?post=63490"}],"curies":[{"name":"wp","href":"https:\/\/api.w.org\/{rel}","templated":true}]}}