{"id":63377,"date":"2009-06-13T08:10:21","date_gmt":"2009-06-13T06:10:21","guid":{"rendered":"http:\/\/www.ivg.it\/2009\/06\/13\/teatro-del-cral-spettacolo-di-solidarieta-per-i-terremotati\/"},"modified":"2009-06-13T08:32:27","modified_gmt":"2009-06-13T06:32:27","slug":"teatro-del-cral-spettacolo-di-solidarieta-per-i-terremotati","status":"publish","type":"post","link":"https:\/\/staging.ivg.it\/2009\/06\/teatro-del-cral-spettacolo-di-solidarieta-per-i-terremotati\/","title":{"rendered":"Teatro del Cral: spettacolo di solidariet\u00e0 per i terremotati"},"content":{"rendered":"<p><strong>[thumb:11555:l]Genova<\/strong>. Il Gruppo di teatro del Cral della Regione Liguria organizza per luned\u00ec prossimo, 15 giugno, ore 21, presso il Teatro della Giovent\u00f9 di via Cesarea, la prova aperta &#8220;Gli asparagi e l&#8217;immortalit\u00e0 dell&#8217;anima&#8221; di Achille Campanile con gli allievi del Laboratorio Teatro &amp; Contorni.<\/p>\n<p>Nell&#8217;occasione verr\u00e0 organizzata una raccolta libera di fondi a favore dell&#8217;Abruzzo colpito dal terremoto. L&#8217;importo sar\u00e0 consegnato al sindaco di Tione degli Abruzzi dove operano i volontari della Protezione Civile della Regione Liguria. Ulteriori offerte potranno essere fatte presso la sede del Cral entro la fine di giugno.<\/p>\n","protected":false},"excerpt":{"rendered":"<p>[thumb:11555:l]Genova. Il Gruppo di teatro del Cral della Regione Liguria organizza per luned\u00ec prossimo, 15 giugno, ore 21, presso il Teatro della Giovent\u00f9 di via Cesarea, la prova aperta &#8220;Gli asparagi e l&#8217;immortalit\u00e0 dell&#8217;anima&#8221; di Achille Campanile con gli allievi del Laboratorio Teatro &amp; Contorni. Nell&#8217;occasione verr\u00e0 organizzata una raccolta libera di fondi a favore [&hellip;]<\/p>\n","protected":false},"author":13744,"featured_media":0,"comment_status":"open","ping_status":"closed","sticky":false,"template":"","format":"standard","meta":{"footnotes":""},"categories":[],"tags":[8383,737,295,490,3040],"class_list":["post-63377","post","type-post","status-publish","format-standard","hentry","tag-abruzzo","tag-genova","tag-regione","tag-teatro","tag-terremoto","post_cat_citta-andora"],"amp_validity":null,"amp_enabled":true,"_links":{"self":[{"href":"https:\/\/staging.ivg.it\/ediapi\/wp\/v2\/posts\/63377","targetHints":{"allow":["GET"]}}],"collection":[{"href":"https:\/\/staging.ivg.it\/ediapi\/wp\/v2\/posts"}],"about":[{"href":"https:\/\/staging.ivg.it\/ediapi\/wp\/v2\/types\/post"}],"author":[{"embeddable":true,"href":"https:\/\/staging.ivg.it\/ediapi\/wp\/v2\/users\/13744"}],"replies":[{"embeddable":true,"href":"https:\/\/staging.ivg.it\/ediapi\/wp\/v2\/comments?post=63377"}],"version-history":[{"count":0,"href":"https:\/\/staging.ivg.it\/ediapi\/wp\/v2\/posts\/63377\/revisions"}],"wp:attachment":[{"href":"https:\/\/staging.ivg.it\/ediapi\/wp\/v2\/media?parent=63377"}],"wp:term":[{"taxonomy":"category","embeddable":true,"href":"https:\/\/staging.ivg.it\/ediapi\/wp\/v2\/categories?post=63377"},{"taxonomy":"post_tag","embeddable":true,"href":"https:\/\/staging.ivg.it\/ediapi\/wp\/v2\/tags?post=63377"}],"curies":[{"name":"wp","href":"https:\/\/api.w.org\/{rel}","templated":true}]}}