{"id":62919,"date":"2009-06-09T17:34:25","date_gmt":"2009-06-09T15:34:25","guid":{"rendered":"http:\/\/www.ivg.it\/?p=62919"},"modified":"2009-06-10T12:32:44","modified_gmt":"2009-06-10T10:32:44","slug":"varazze-pdl-festa-per-il-neo-sindaco-delfino-incasso-in-beneficenza","status":"publish","type":"post","link":"https:\/\/staging.ivg.it\/2009\/06\/varazze-pdl-festa-per-il-neo-sindaco-delfino-incasso-in-beneficenza\/","title":{"rendered":"Varazze, PdL: festa per il neo sindaco Delfino, serata benefica"},"content":{"rendered":"<p><strong>[thumb:12680:l]Varazze.<\/strong> Il Popolo della Libert\u00e0 di Varazze festeggia la vittoria alle comunali con Giovanni &#8220;Johnny&#8221; Delfino sindaco. L&#8217;appuntamento \u00e8 per venerd\u00ec 12 giugno alla discoteca &#8220;Orizzonte&#8221; dei Piani d&#8217;Invrea.<\/p>\n<p>L&#8217;evento, con inizio dalle ore 20, sar\u00e0 aperto a tutti con un biglietto di ingresso stabilito in dieci euro. L&#8217;incasso sar\u00e0 devoluto all&#8217;Oratorio Salesiano per contribuire alla conclusione dei lavori del cinema-teatro situato all&#8217;interno della struttura religiosa e che andr\u00e0 ad ospitare fino a 250 posti.<\/p>\n","protected":false},"excerpt":{"rendered":"<p>[thumb:12680:l]Varazze. Il Popolo della Libert\u00e0 di Varazze festeggia la vittoria alle comunali con Giovanni &#8220;Johnny&#8221; Delfino sindaco. L&#8217;appuntamento \u00e8 per venerd\u00ec 12 giugno alla discoteca &#8220;Orizzonte&#8221; dei Piani d&#8217;Invrea. L&#8217;evento, con inizio dalle ore 20, sar\u00e0 aperto a tutti con un biglietto di ingresso stabilito in dieci euro. L&#8217;incasso sar\u00e0 devoluto all&#8217;Oratorio Salesiano per contribuire [&hellip;]<\/p>\n","protected":false},"author":13744,"featured_media":0,"comment_status":"open","ping_status":"closed","sticky":false,"template":"","format":"standard","meta":{"footnotes":""},"categories":[31],"tags":[6182,1031,4222,483,6240,85868],"class_list":["post-62919","post","type-post","status-publish","format-standard","hentry","category-politica","tag-appuntamento","tag-beneficenza","tag-discoteca","tag-evento","tag-popolo-della-liberta","tag-varazze","post_cat_citta-varazze"],"amp_validity":null,"amp_enabled":true,"_links":{"self":[{"href":"https:\/\/staging.ivg.it\/ediapi\/wp\/v2\/posts\/62919","targetHints":{"allow":["GET"]}}],"collection":[{"href":"https:\/\/staging.ivg.it\/ediapi\/wp\/v2\/posts"}],"about":[{"href":"https:\/\/staging.ivg.it\/ediapi\/wp\/v2\/types\/post"}],"author":[{"embeddable":true,"href":"https:\/\/staging.ivg.it\/ediapi\/wp\/v2\/users\/13744"}],"replies":[{"embeddable":true,"href":"https:\/\/staging.ivg.it\/ediapi\/wp\/v2\/comments?post=62919"}],"version-history":[{"count":0,"href":"https:\/\/staging.ivg.it\/ediapi\/wp\/v2\/posts\/62919\/revisions"}],"wp:attachment":[{"href":"https:\/\/staging.ivg.it\/ediapi\/wp\/v2\/media?parent=62919"}],"wp:term":[{"taxonomy":"category","embeddable":true,"href":"https:\/\/staging.ivg.it\/ediapi\/wp\/v2\/categories?post=62919"},{"taxonomy":"post_tag","embeddable":true,"href":"https:\/\/staging.ivg.it\/ediapi\/wp\/v2\/tags?post=62919"}],"curies":[{"name":"wp","href":"https:\/\/api.w.org\/{rel}","templated":true}]}}