{"id":62184,"date":"2009-06-03T17:39:06","date_gmt":"2009-06-03T15:39:06","guid":{"rendered":"http:\/\/www.ivg.it\/2009\/06\/03\/uisv-cerimonia-di-premiazione-del-progetto-data-consult\/"},"modified":"2009-06-03T17:39:06","modified_gmt":"2009-06-03T15:39:06","slug":"uisv-cerimonia-di-premiazione-del-progetto-data-consult","status":"publish","type":"post","link":"https:\/\/staging.ivg.it\/2009\/06\/uisv-cerimonia-di-premiazione-del-progetto-data-consult\/","title":{"rendered":"Uisv: cerimonia di premiazione del progetto Data Consult"},"content":{"rendered":"<p><strong>[thumb:3098:l]Savona.<\/strong> Si terr\u00e0 domani, gioved\u00ec 4 giugno alle 11, presso la Sala Convegni dell&#8217;Unione Industriali, la cerimonia di premiazione del progetto Data Consult. L&#8217;iniziativa, voluta dall&#8217;Unione Industriali della Provincia di Savona in collaborazione con Data Consult, per il terzo anno consecutivo ha offerto agli studenti degli istituti tecnico commerciali del territorio savonese l&#8217;opportunit\u00e0 di seguire gratuitamente un corso sui pi\u00f9 moderni strumenti informatici per la tenuta della contabilit\u00e0 d&#8217;impresa.<\/p>\n","protected":false},"excerpt":{"rendered":"<p>[thumb:3098:l]Savona. Si terr\u00e0 domani, gioved\u00ec 4 giugno alle 11, presso la Sala Convegni dell&#8217;Unione Industriali, la cerimonia di premiazione del progetto Data Consult. L&#8217;iniziativa, voluta dall&#8217;Unione Industriali della Provincia di Savona in collaborazione con Data Consult, per il terzo anno consecutivo ha offerto agli studenti degli istituti tecnico commerciali del territorio savonese l&#8217;opportunit\u00e0 di seguire [&hellip;]<\/p>\n","protected":false},"author":13744,"featured_media":0,"comment_status":"open","ping_status":"closed","sticky":false,"template":"","format":"standard","meta":{"footnotes":""},"categories":[35],"tags":[10103,1275,1244,9994,85850,4286,127,86052],"class_list":["post-62184","post","type-post","status-publish","format-standard","hentry","category-economia","tag-data-consult","tag-premiazione","tag-progetto","tag-provincia-di-savona","tag-savona","tag-savonese","tag-uisv","tag-unione-industriali","post_cat_citta-andora","post_cat_citta-savona"],"amp_validity":null,"amp_enabled":true,"_links":{"self":[{"href":"https:\/\/staging.ivg.it\/ediapi\/wp\/v2\/posts\/62184","targetHints":{"allow":["GET"]}}],"collection":[{"href":"https:\/\/staging.ivg.it\/ediapi\/wp\/v2\/posts"}],"about":[{"href":"https:\/\/staging.ivg.it\/ediapi\/wp\/v2\/types\/post"}],"author":[{"embeddable":true,"href":"https:\/\/staging.ivg.it\/ediapi\/wp\/v2\/users\/13744"}],"replies":[{"embeddable":true,"href":"https:\/\/staging.ivg.it\/ediapi\/wp\/v2\/comments?post=62184"}],"version-history":[{"count":0,"href":"https:\/\/staging.ivg.it\/ediapi\/wp\/v2\/posts\/62184\/revisions"}],"wp:attachment":[{"href":"https:\/\/staging.ivg.it\/ediapi\/wp\/v2\/media?parent=62184"}],"wp:term":[{"taxonomy":"category","embeddable":true,"href":"https:\/\/staging.ivg.it\/ediapi\/wp\/v2\/categories?post=62184"},{"taxonomy":"post_tag","embeddable":true,"href":"https:\/\/staging.ivg.it\/ediapi\/wp\/v2\/tags?post=62184"}],"curies":[{"name":"wp","href":"https:\/\/api.w.org\/{rel}","templated":true}]}}