{"id":62175,"date":"2009-06-03T16:49:28","date_gmt":"2009-06-03T14:49:28","guid":{"rendered":"http:\/\/www.ivg.it\/2009\/06\/03\/cgil-raccolta-firme-per-la-scuola-pubblica\/"},"modified":"2009-06-03T17:13:15","modified_gmt":"2009-06-03T15:13:15","slug":"cgil-raccolta-firme-per-la-scuola-pubblica","status":"publish","type":"post","link":"https:\/\/staging.ivg.it\/2009\/06\/cgil-raccolta-firme-per-la-scuola-pubblica\/","title":{"rendered":"Cgil: raccolta firme per la scuola pubblica"},"content":{"rendered":"<p><strong>[thumb:3405:l]Savona.<\/strong> Anche il Savonese verr\u00e0 coinvolto nell&#8217;iniziativa della Flc-Cgil per una raccolta firme a favore di una scuola pubblica di qualit\u00e0. La raccolta delle firme, che si protrarr\u00e0 fino al prossimo 15 settembre, \u00e8 stata accompagnata da una lettera aperta al ministro Gelmini, chiedendo di mantenere fede agli impegni su tempo pieno e i modelli orari scelti dalle famiglie anche per il prossimo anno scolastico, adeguando quindi personale docente e ATA sulla base del piano annunciato.<\/p>\n<p>&#8220;L&#8217;iniziativa ha lo scopo di coinvolgere i genitori e le famiglie affinch\u00e8 siano rispettati i diritti dei bambini e delle bambine e la dignit\u00e0 dei lavoratori. Si pu\u00f2 firmare nelle Camere del Lavoro e nei presidi che verranno organizzati sul territorio&#8221;, sottolinea in una nota la Flc-Cgil Savona.<\/p>\n","protected":false},"excerpt":{"rendered":"<p>[thumb:3405:l]Savona. Anche il Savonese verr\u00e0 coinvolto nell&#8217;iniziativa della Flc-Cgil per una raccolta firme a favore di una scuola pubblica di qualit\u00e0. La raccolta delle firme, che si protrarr\u00e0 fino al prossimo 15 settembre, \u00e8 stata accompagnata da una lettera aperta al ministro Gelmini, chiedendo di mantenere fede agli impegni su tempo pieno e i modelli [&hellip;]<\/p>\n","protected":false},"author":13744,"featured_media":0,"comment_status":"open","ping_status":"closed","sticky":false,"template":"","format":"standard","meta":{"footnotes":""},"categories":[],"tags":[335,507,525,736,85850,199,6884],"class_list":["post-62175","post","type-post","status-publish","format-standard","hentry","tag-bambini","tag-cgil","tag-firme","tag-gelmini","tag-savona","tag-scuola","tag-scuola-pubblica","post_cat_citta-andora","post_cat_citta-savona"],"amp_validity":null,"amp_enabled":true,"_links":{"self":[{"href":"https:\/\/staging.ivg.it\/ediapi\/wp\/v2\/posts\/62175","targetHints":{"allow":["GET"]}}],"collection":[{"href":"https:\/\/staging.ivg.it\/ediapi\/wp\/v2\/posts"}],"about":[{"href":"https:\/\/staging.ivg.it\/ediapi\/wp\/v2\/types\/post"}],"author":[{"embeddable":true,"href":"https:\/\/staging.ivg.it\/ediapi\/wp\/v2\/users\/13744"}],"replies":[{"embeddable":true,"href":"https:\/\/staging.ivg.it\/ediapi\/wp\/v2\/comments?post=62175"}],"version-history":[{"count":0,"href":"https:\/\/staging.ivg.it\/ediapi\/wp\/v2\/posts\/62175\/revisions"}],"wp:attachment":[{"href":"https:\/\/staging.ivg.it\/ediapi\/wp\/v2\/media?parent=62175"}],"wp:term":[{"taxonomy":"category","embeddable":true,"href":"https:\/\/staging.ivg.it\/ediapi\/wp\/v2\/categories?post=62175"},{"taxonomy":"post_tag","embeddable":true,"href":"https:\/\/staging.ivg.it\/ediapi\/wp\/v2\/tags?post=62175"}],"curies":[{"name":"wp","href":"https:\/\/api.w.org\/{rel}","templated":true}]}}