{"id":62130,"date":"2009-06-03T11:44:10","date_gmt":"2009-06-03T09:44:10","guid":{"rendered":"http:\/\/www.ivg.it\/2009\/06\/03\/una-societa-pubblica-per-lacqua-il-si-della-cgil\/"},"modified":"2009-06-03T17:04:26","modified_gmt":"2009-06-03T15:04:26","slug":"una-societa-pubblica-per-lacqua-il-si-della-cgil","status":"publish","type":"post","link":"https:\/\/staging.ivg.it\/2009\/06\/una-societa-pubblica-per-lacqua-il-si-della-cgil\/","title":{"rendered":"Una societ\u00e0 pubblica per l&#8217;acqua: il s\u00ec della Cgil"},"content":{"rendered":"<p><strong>[thumb:712:l]Savona.<\/strong> Una societ\u00e0 pubblica per la gestione del Servizio Idrico Integrato della provincia di Savona. Fulvio Berruti della Cgil di Savona, segretario delegato ad energia, gas, acqua, in un intervento pubblicato su SavonaEconomica.it., risponde positivamente alla richiesta avanzata nei giorni scorsi dal neo presidente del Consorzio di Depurazione Savonese, Nanni Ferro.<\/p>\n<p>&#8220;E&#8217; una soluzione di significativa valenza economica e sociale &#8211; sottolinea ad IVG.it il segretario Berruti -. Questa operazione consentirebbe l&#8217;erogazione di un servizio adeguato alle esigenze ad un bacino di utenza composto da turisti e residenti. Inoltre, si potrebbero avere vantaggi per le famiglie e la popolazione pi\u00f9 in difficolt\u00e0 con tariffe pi\u00f9 basse&#8221;.<\/p>\n<p>La strada potrebbe essere un nuovo Consorzio o Associazione d&#8217;imprese a controllo pubblico: &#8220;In questo modo &#8211; prosegue Berruti &#8211; si potr\u00e0 offrire una nuova gestione di risorse che non possono essere affidate ad imprese che operano al di fuori del nostro territorio. La gestione di acquedotti, fognature, depuratori \u00e8 troppo frammentata, perci\u00f2 bisogna lavorare assieme per la creazione di una societ\u00e0 in grado di assicurare una gestione integrata di tutto il ciclo&#8221;.<\/p>\n<p>Tra le opotesi avanzate dallo stesso presidente Ferro l&#8217;unione di aziende locali del settore: il Depuratore di Savona, il Depuratore ingauno, la societ\u00e0 Servizi Ambientali e la Societ\u00e0 per l&#8217;Acquedotto di Savona (gruppo Iride).<\/p>\n","protected":false},"excerpt":{"rendered":"<p>[thumb:712:l]Savona. Una societ\u00e0 pubblica per la gestione del Servizio Idrico Integrato della provincia di Savona. Fulvio Berruti della Cgil di Savona, segretario delegato ad energia, gas, acqua, in un intervento pubblicato su SavonaEconomica.it., risponde positivamente alla richiesta avanzata nei giorni scorsi dal neo presidente del Consorzio di Depurazione Savonese, Nanni Ferro. &#8220;E&#8217; una soluzione di [&hellip;]<\/p>\n","protected":false},"author":4,"featured_media":0,"comment_status":"open","ping_status":"closed","sticky":false,"template":"","format":"standard","meta":{"footnotes":""},"categories":[35],"tags":[3498,195,507,1354,1589,5676,1285,5854,3433,4682,85831,9994,85850,410,765,421,409],"class_list":["post-62130","post","type-post","status-publish","format-standard","hentry","category-economia","tag-acquedotto","tag-berruti","tag-cgil","tag-depuratore","tag-depurazione","tag-economica","tag-energia","tag-fulvio-berruti","tag-ivgit","tag-nanni-ferro","tag-politica","tag-provincia-di-savona","tag-savona","tag-sindacati","tag-strada","tag-turisti","tag-ue","post_cat_citta-andora"],"amp_validity":null,"amp_enabled":true,"_links":{"self":[{"href":"https:\/\/staging.ivg.it\/ediapi\/wp\/v2\/posts\/62130","targetHints":{"allow":["GET"]}}],"collection":[{"href":"https:\/\/staging.ivg.it\/ediapi\/wp\/v2\/posts"}],"about":[{"href":"https:\/\/staging.ivg.it\/ediapi\/wp\/v2\/types\/post"}],"author":[{"embeddable":true,"href":"https:\/\/staging.ivg.it\/ediapi\/wp\/v2\/users\/4"}],"replies":[{"embeddable":true,"href":"https:\/\/staging.ivg.it\/ediapi\/wp\/v2\/comments?post=62130"}],"version-history":[{"count":0,"href":"https:\/\/staging.ivg.it\/ediapi\/wp\/v2\/posts\/62130\/revisions"}],"wp:attachment":[{"href":"https:\/\/staging.ivg.it\/ediapi\/wp\/v2\/media?parent=62130"}],"wp:term":[{"taxonomy":"category","embeddable":true,"href":"https:\/\/staging.ivg.it\/ediapi\/wp\/v2\/categories?post=62130"},{"taxonomy":"post_tag","embeddable":true,"href":"https:\/\/staging.ivg.it\/ediapi\/wp\/v2\/tags?post=62130"}],"curies":[{"name":"wp","href":"https:\/\/api.w.org\/{rel}","templated":true}]}}