{"id":61839,"date":"2009-05-30T10:29:06","date_gmt":"2009-05-30T08:29:06","guid":{"rendered":"http:\/\/www.ivg.it\/2009\/05\/30\/inaugura-il-castello-costa-del-carretto-il-ministro-scajola-a-garlenda\/"},"modified":"2009-05-31T15:02:20","modified_gmt":"2009-05-31T13:02:20","slug":"inaugura-il-castello-costa-del-carretto-il-ministro-scajola-a-garlenda","status":"publish","type":"post","link":"https:\/\/staging.ivg.it\/2009\/05\/inaugura-il-castello-costa-del-carretto-il-ministro-scajola-a-garlenda\/","title":{"rendered":"Inaugura il Castello Costa del Carretto: Scajola a Garlenda"},"content":{"rendered":"<p><strong>[thumb:12106:l]Garlenda.<\/strong> Il ministro per lo sviluppo economico Claudio Scajola torna nel Savonese. Domani, domenica 31 maggio, il ministro sar\u00e0 a Garlenda per l&#8217;inaugurazione del Castello Costa del Carretto, tornato ai suoi splendori dopo i lavori di restauro delle coperture, delle facciate, della torre Medievale e degli arredi interni.<\/p>\n<p>Il programma della giornata prevede: alle ore 10 l&#8217;arrivo delle autorit\u00e0; per le ore 10 e 20 \u00e8 previsto il saluto del sindaco di Garlenda Giuliano Miele; alle ore 10 e 30 \u00e8 atteso l&#8217;intervento del ministro Scajola; alle ore 10.40 la benedizione del parroco Don Mauro Marchiano con l&#8217;inaugurazione ufficiale del Castello; alle ore 11 e 15 \u00e8 in programma l&#8217;esibizione dei falconieri; infine, alle ore 12 seguir\u00e0 un rinfresco.<br \/>\nNel pomeriggio, per le ore, 16, nella nuova Sala Multimediale si terr\u00e0 il convegno: &#8220;Storia della ristrutturazione e del Castello, mentre alle ore 17.00 si terr\u00e0 la presentazione della Strada del Vino e dell&#8217;Olio con degustazione prodotti tipici locali<\/p>\n<p>Il restauro ha richiesto 10 mesi di lavori ed \u00e8 stato effettuato dalla ditta &#8220;Borchi&#8221; di Genova, specializzata in restauri di edifici e palazzi antichi. Gli interventi di restyling sono stati finanziati in parte con oneri di urbanizzazione destinati al Castello, a cui si \u00e8 aggiunto un finanziamento richiesto dal Comune nel mese di febbraio 2005 ed approvato dal Cipe nell&#8217;aprile 2006. 700 mila euro il costo totale dei lavori appaltati. L&#8217;amministrazione comunale ha chiesto altri 900 mila euro per un terzo stralcio di lavori riguardanti il sottotetto (che ora ospita le vecchie cucine) e per l&#8217;area esterna del Castello.<\/p>\n<p>CALICI DI STELLE: Con l&#8217;apertura del Castello, riprender\u00e0, il 10 agosto, anche &#8220;Calici di Stelle&#8221;, l&#8217;importante evento che abbina il vino a note di musica, in un&#8217;occasione molto suggestiva quale \u00e8 la notte di San Lorenzo. Nelle cantine del Castello si snoder\u00e0 un percorso di degustazione dei migliori vini locali accompagnato da alcuni piatti tipici liguri.<br \/>\nNel giardino del Castello, invece, si svolger\u00e0 un concerto dal titolo &#8220;Le donne di Puccini&#8221;: verranno eseguiti e cantati i brani musicali pi\u00f9 celebri che il grande compositore ha dedicato alle figure femminili. Per la realizzazione di questo spettacolo Garlenda ha aderito al calendario eventi di &#8220;Antichi borghi di Liguria&#8221;.<\/p>\n<p>PERCORSO DI SAPORI: La giornata dell&#8217;inaugurazione vedr\u00e0 anche il ritorno della manifestazione enogastronomia di &#8220;Sapori al Castello&#8221;, che si svilupper\u00e0 nelle scenografiche cantine, dove le locali aziende produttrici offriranno degustazioni dei propri prodotti quali olio di oliva e vini.<br \/>\nNel contesto dell&#8217;appuntamento \u00e8 stato programmato un piccolo convegno sul Castello, in particolare per illustrare il restauro effettuato nonch\u00e9 gli aspetti pi\u00f9 propriamente storici, cio\u00e8 la nascita dell&#8217;edificio, le sue modifiche strutturali nel corso degli anni, la funzione.<br \/>\nRelatori dell&#8217;incontro saranno l&#8217;architetto Marinella Orso, progettista e direttrice dei lavori, e la signora Josepha Costa Ristagno, studiosa e discendente della famiglia dei Costa.<br \/>\nAd allietare la domenica in buona compagnia provvederanno gli &#8220;Aleramici&#8221; che con costumi, danze e duelli ci faranno fare un salto indietro nel tempo. Parteciperanno inoltre anche alcuni falconieri con una decina di rapaci, che consegneranno un diploma anche ai bambini disponibili a svolgere alcune prove insieme a questi affascinanti volatili.<\/p>\n","protected":false},"excerpt":{"rendered":"<p>[thumb:12106:l]Garlenda. Il ministro per lo sviluppo economico Claudio Scajola torna nel Savonese. Domani, domenica 31 maggio, il ministro sar\u00e0 a Garlenda per l&#8217;inaugurazione del Castello Costa del Carretto, tornato ai suoi splendori dopo i lavori di restauro delle coperture, delle facciate, della torre Medievale e degli arredi interni. Il programma della giornata prevede: alle ore [&hellip;]<\/p>\n","protected":false},"author":4,"featured_media":0,"comment_status":"open","ping_status":"closed","sticky":false,"template":"","format":"standard","meta":{"footnotes":""},"categories":[31],"tags":[9545,2800,876,571,85980,737,455,200,851],"class_list":["post-61839","post","type-post","status-publish","format-standard","hentry","category-politica","tag-castello-costa-del-carretto","tag-claudio-scajola","tag-convegno","tag-domenica","tag-eventi","tag-genova","tag-giuliano-miele","tag-inaugurazione","tag-vini","post_cat_citta-andora","post_cat_citta-garlenda"],"amp_validity":null,"amp_enabled":true,"_links":{"self":[{"href":"https:\/\/staging.ivg.it\/ediapi\/wp\/v2\/posts\/61839","targetHints":{"allow":["GET"]}}],"collection":[{"href":"https:\/\/staging.ivg.it\/ediapi\/wp\/v2\/posts"}],"about":[{"href":"https:\/\/staging.ivg.it\/ediapi\/wp\/v2\/types\/post"}],"author":[{"embeddable":true,"href":"https:\/\/staging.ivg.it\/ediapi\/wp\/v2\/users\/4"}],"replies":[{"embeddable":true,"href":"https:\/\/staging.ivg.it\/ediapi\/wp\/v2\/comments?post=61839"}],"version-history":[{"count":0,"href":"https:\/\/staging.ivg.it\/ediapi\/wp\/v2\/posts\/61839\/revisions"}],"wp:attachment":[{"href":"https:\/\/staging.ivg.it\/ediapi\/wp\/v2\/media?parent=61839"}],"wp:term":[{"taxonomy":"category","embeddable":true,"href":"https:\/\/staging.ivg.it\/ediapi\/wp\/v2\/categories?post=61839"},{"taxonomy":"post_tag","embeddable":true,"href":"https:\/\/staging.ivg.it\/ediapi\/wp\/v2\/tags?post=61839"}],"curies":[{"name":"wp","href":"https:\/\/api.w.org\/{rel}","templated":true}]}}