{"id":61750,"date":"2009-05-29T13:57:06","date_gmt":"2009-05-29T11:57:06","guid":{"rendered":"http:\/\/www.ivg.it\/2009\/05\/29\/la-costa-pacifica-in-anteprima-a-savona\/"},"modified":"2009-05-30T10:53:13","modified_gmt":"2009-05-30T08:53:13","slug":"la-costa-pacifica-in-anteprima-a-savona","status":"publish","type":"post","link":"https:\/\/staging.ivg.it\/2009\/05\/la-costa-pacifica-in-anteprima-a-savona\/","title":{"rendered":"La Costa Pacifica in &#8220;anteprima&#8221; a Savona"},"content":{"rendered":"<p><strong>[thumb:2134:l]Savona. <\/strong>Giunger\u00e0 domani nel porto di Savona la Costa Pacifica, ammiraglia della flotta Costa Crociere. Alle 17,30, rompendo una consuetudine che solitamente vede Genova protagonista, avverr\u00e0 sulle banchine della citt\u00e0 della Torretta la consegna della bandiera della italiana, con lo stemma della marineria mercantile, alla nuova nave, che sar\u00e0 poi visitabile dalla cittadinanza in &#8220;anteprima&#8221;, considerando che il varo ufficiale avverr\u00e0 il 5 giugno sotto la Lanterna.<\/p>\n<p>&#8220;Questa &#8211; ha dichiarato il presidente dell&#8217;Autorit\u00e0 portuale Rino Canavese &#8211; \u00e8 una grande ricompensa per coloro che fin dall&#8217;ormai lontano 1996 hanno creduto nella presenza di Costa Crociere e nei benefici che ne sarebbero derivati&#8221;.<\/p>\n<p>Inoltre la citt\u00e0 di Savona \u00e8 in testa alla classifica dell&#8217;indotto delle attivit\u00e0 croceristiche, con 12 milioni e 900 mila euro, secondo uno studio &#8220;Citizen-Costa&#8221; del Politecnico di Milano. &#8220;Una citt\u00e0 come Savona, principale importo per imbarchi e transiti della compagnia &#8211; riporta l&#8217;ultima edizione de L&#8217;Espresso &#8211; ha beneficiato di spese sul porto (effettuate direttamente da Costa) per oltre 5 milioni&#8221;. Altrettanti sono stati ricavati dalle esigenze dei passeggeri nelle fasi di imbarco e sbarco.<\/p>\n","protected":false},"excerpt":{"rendered":"<p>[thumb:2134:l]Savona. Giunger\u00e0 domani nel porto di Savona la Costa Pacifica, ammiraglia della flotta Costa Crociere. Alle 17,30, rompendo una consuetudine che solitamente vede Genova protagonista, avverr\u00e0 sulle banchine della citt\u00e0 della Torretta la consegna della bandiera della italiana, con lo stemma della marineria mercantile, alla nuova nave, che sar\u00e0 poi visitabile dalla cittadinanza in &#8220;anteprima&#8221;, [&hellip;]<\/p>\n","protected":false},"author":5,"featured_media":0,"comment_status":"open","ping_status":"closed","sticky":false,"template":"","format":"standard","meta":{"footnotes":""},"categories":[56,35],"tags":[1543,4104,8086,85850],"class_list":["post-61750","post","type-post","status-publish","format-standard","hentry","category-altre","category-economia","tag-autorita-portuale","tag-classifica","tag-costa-pacifica","tag-savona","post_cat_citta-savona"],"amp_validity":null,"amp_enabled":true,"_links":{"self":[{"href":"https:\/\/staging.ivg.it\/ediapi\/wp\/v2\/posts\/61750","targetHints":{"allow":["GET"]}}],"collection":[{"href":"https:\/\/staging.ivg.it\/ediapi\/wp\/v2\/posts"}],"about":[{"href":"https:\/\/staging.ivg.it\/ediapi\/wp\/v2\/types\/post"}],"author":[{"embeddable":true,"href":"https:\/\/staging.ivg.it\/ediapi\/wp\/v2\/users\/5"}],"replies":[{"embeddable":true,"href":"https:\/\/staging.ivg.it\/ediapi\/wp\/v2\/comments?post=61750"}],"version-history":[{"count":0,"href":"https:\/\/staging.ivg.it\/ediapi\/wp\/v2\/posts\/61750\/revisions"}],"wp:attachment":[{"href":"https:\/\/staging.ivg.it\/ediapi\/wp\/v2\/media?parent=61750"}],"wp:term":[{"taxonomy":"category","embeddable":true,"href":"https:\/\/staging.ivg.it\/ediapi\/wp\/v2\/categories?post=61750"},{"taxonomy":"post_tag","embeddable":true,"href":"https:\/\/staging.ivg.it\/ediapi\/wp\/v2\/tags?post=61750"}],"curies":[{"name":"wp","href":"https:\/\/api.w.org\/{rel}","templated":true}]}}