{"id":61724,"date":"2009-05-29T10:16:32","date_gmt":"2009-05-29T08:16:32","guid":{"rendered":"http:\/\/www.ivg.it\/2009\/05\/29\/ad-albenga-la-giornata-dellarte-studentesca\/"},"modified":"2009-05-29T10:16:32","modified_gmt":"2009-05-29T08:16:32","slug":"ad-albenga-la-giornata-dellarte-studentesca","status":"publish","type":"post","link":"https:\/\/staging.ivg.it\/2009\/05\/ad-albenga-la-giornata-dellarte-studentesca\/","title":{"rendered":"Ad Albenga la giornata dell&#8217;arte studentesca"},"content":{"rendered":"<p><strong>[thumb:30:l]Albenga. <\/strong>Sar\u00e0 Albenga ad ospitare la giornata dell&#8217;arte organizzata dalla Consulta Giovanile studentesca. Domenica 31 maggio, dalle 21 alle 24, il centro storico ingauno vedr\u00e0 alternarsi nella varie zone della citt\u00e0 oltre 150 artisti delle pi\u00f9 diverse discipline: dalla danza (piazza San Michele) al teatro (piazza San Domenico), senza tralasciare letteratura e jazz (piazza Rossi) e la musica rock (piazza San Francesco).<\/p>\n<p>L&#8217;appuntamento si svolger\u00e0 nell&#8217;ambito del &#8220;Progetto Energia in Divenire&#8221; con il sostegno della Provincia di Savona, dell&#8217;Ufficio scolastico provinciale e del Comune di Albenga.<\/p>\n<p>Molte le scuole interessate dall&#8217;evento: il Liceo &#8220;Grassi&#8221;, &#8220;Chiabrera&#8221; e &#8220;Della Rovere&#8221;, l&#8217;istituto &#8220;Mazzini &#8211; Martini &#8211; Pancaldo&#8221; di Savona, l&#8217;Alberghiero di Finale, il Liceo &#8220;Calasanzio&#8221; di Carcare ed il Liceo &#8220;Giordano Bruno&#8221; di Albenga.<\/p>\n","protected":false},"excerpt":{"rendered":"<p>[thumb:30:l]Albenga. Sar\u00e0 Albenga ad ospitare la giornata dell&#8217;arte organizzata dalla Consulta Giovanile studentesca. Domenica 31 maggio, dalle 21 alle 24, il centro storico ingauno vedr\u00e0 alternarsi nella varie zone della citt\u00e0 oltre 150 artisti delle pi\u00f9 diverse discipline: dalla danza (piazza San Michele) al teatro (piazza San Domenico), senza tralasciare letteratura e jazz (piazza Rossi) [&hellip;]<\/p>\n","protected":false},"author":13744,"featured_media":0,"comment_status":"open","ping_status":"closed","sticky":false,"template":"","format":"standard","meta":{"footnotes":""},"categories":[56],"tags":[85841],"class_list":["post-61724","post","type-post","status-publish","format-standard","hentry","category-altre","tag-albenga","post_cat_citta-albenga","post_cat_citta-andora"],"amp_validity":null,"amp_enabled":true,"_links":{"self":[{"href":"https:\/\/staging.ivg.it\/ediapi\/wp\/v2\/posts\/61724","targetHints":{"allow":["GET"]}}],"collection":[{"href":"https:\/\/staging.ivg.it\/ediapi\/wp\/v2\/posts"}],"about":[{"href":"https:\/\/staging.ivg.it\/ediapi\/wp\/v2\/types\/post"}],"author":[{"embeddable":true,"href":"https:\/\/staging.ivg.it\/ediapi\/wp\/v2\/users\/13744"}],"replies":[{"embeddable":true,"href":"https:\/\/staging.ivg.it\/ediapi\/wp\/v2\/comments?post=61724"}],"version-history":[{"count":0,"href":"https:\/\/staging.ivg.it\/ediapi\/wp\/v2\/posts\/61724\/revisions"}],"wp:attachment":[{"href":"https:\/\/staging.ivg.it\/ediapi\/wp\/v2\/media?parent=61724"}],"wp:term":[{"taxonomy":"category","embeddable":true,"href":"https:\/\/staging.ivg.it\/ediapi\/wp\/v2\/categories?post=61724"},{"taxonomy":"post_tag","embeddable":true,"href":"https:\/\/staging.ivg.it\/ediapi\/wp\/v2\/tags?post=61724"}],"curies":[{"name":"wp","href":"https:\/\/api.w.org\/{rel}","templated":true}]}}