{"id":61719,"date":"2009-05-29T09:23:28","date_gmt":"2009-05-29T07:23:28","guid":{"rendered":"http:\/\/www.ivg.it\/2009\/05\/29\/savona-annullato-lincontro-con-giancarlo-caselli\/"},"modified":"2009-05-29T09:23:28","modified_gmt":"2009-05-29T07:23:28","slug":"savona-annullato-lincontro-con-giancarlo-caselli","status":"publish","type":"post","link":"https:\/\/staging.ivg.it\/2009\/05\/savona-annullato-lincontro-con-giancarlo-caselli\/","title":{"rendered":"Savona, annullato l&#8217;incontro con Giancarlo Caselli"},"content":{"rendered":"<p><strong>[thumb:3748:l]Savona<\/strong>. L&#8217;iniziativa &#8220;Democrazia e legalit\u00e0&#8221; prevista per questo pomeriggio presso la Sala Rossa del Comune di Savona \u00e8 annullata per l&#8217;indisponibilit\u00e0 del magistrato Giancarlo Caselli, procuratore generale di Torino, che avrebbe dovuto tenere l&#8217;intervento principale all&#8217;iniziativa. All&#8217;incontro era previsto anche l&#8217;intervento di Matteo Lupi di &#8220;Libera&#8221;, Francesco Rossello della Cgil Savona e Claudio Regazzoni dell&#8217;Auser.<\/p>\n","protected":false},"excerpt":{"rendered":"<p>[thumb:3748:l]Savona. L&#8217;iniziativa &#8220;Democrazia e legalit\u00e0&#8221; prevista per questo pomeriggio presso la Sala Rossa del Comune di Savona \u00e8 annullata per l&#8217;indisponibilit\u00e0 del magistrato Giancarlo Caselli, procuratore generale di Torino, che avrebbe dovuto tenere l&#8217;intervento principale all&#8217;iniziativa. All&#8217;incontro era previsto anche l&#8217;intervento di Matteo Lupi di &#8220;Libera&#8221;, Francesco Rossello della Cgil Savona e Claudio Regazzoni dell&#8217;Auser.<\/p>\n","protected":false},"author":13744,"featured_media":0,"comment_status":"open","ping_status":"closed","sticky":false,"template":"","format":"standard","meta":{"footnotes":""},"categories":[],"tags":[507,9968,2860,85850],"class_list":["post-61719","post","type-post","status-publish","format-standard","hentry","tag-cgil","tag-giancarlo-caselli","tag-incontro","tag-savona","post_cat_citta-savona"],"amp_validity":null,"amp_enabled":true,"_links":{"self":[{"href":"https:\/\/staging.ivg.it\/ediapi\/wp\/v2\/posts\/61719","targetHints":{"allow":["GET"]}}],"collection":[{"href":"https:\/\/staging.ivg.it\/ediapi\/wp\/v2\/posts"}],"about":[{"href":"https:\/\/staging.ivg.it\/ediapi\/wp\/v2\/types\/post"}],"author":[{"embeddable":true,"href":"https:\/\/staging.ivg.it\/ediapi\/wp\/v2\/users\/13744"}],"replies":[{"embeddable":true,"href":"https:\/\/staging.ivg.it\/ediapi\/wp\/v2\/comments?post=61719"}],"version-history":[{"count":0,"href":"https:\/\/staging.ivg.it\/ediapi\/wp\/v2\/posts\/61719\/revisions"}],"wp:attachment":[{"href":"https:\/\/staging.ivg.it\/ediapi\/wp\/v2\/media?parent=61719"}],"wp:term":[{"taxonomy":"category","embeddable":true,"href":"https:\/\/staging.ivg.it\/ediapi\/wp\/v2\/categories?post=61719"},{"taxonomy":"post_tag","embeddable":true,"href":"https:\/\/staging.ivg.it\/ediapi\/wp\/v2\/tags?post=61719"}],"curies":[{"name":"wp","href":"https:\/\/api.w.org\/{rel}","templated":true}]}}