{"id":61713,"date":"2009-05-29T08:27:14","date_gmt":"2009-05-29T06:27:14","guid":{"rendered":"http:\/\/www.ivg.it\/2009\/05\/29\/video-dellitc-boselli-vince-concorso-nazionale-sulla-costituzione\/"},"modified":"2009-05-29T08:27:46","modified_gmt":"2009-05-29T06:27:46","slug":"video-dellitc-boselli-vince-concorso-nazionale-sulla-costituzione","status":"publish","type":"post","link":"https:\/\/staging.ivg.it\/2009\/05\/video-dellitc-boselli-vince-concorso-nazionale-sulla-costituzione\/","title":{"rendered":"Video dell&#8217;ITC Boselli vince concorso nazionale sulla Costituzione"},"content":{"rendered":"<p><strong>[thumb:5539:l]Savona<\/strong>. Si \u00e8 conclusa con un successo per i ragazzi dell&#8217;Istituto Tecnico Commerciale &#8220;Boselli&#8221; di Savona la cerimonia di premiazione che ha avuto luogo venerd\u00ec 22 maggio nell&#8217;aula di Palazzo Madama. Il video &#8220;Il cerchio&#8221; realizzato dagli studenti, nell&#8217;ambito del progetto-concorso &#8220;Dalle aule parlamentari alle aule di scuola&#8221; promosso dal MIUR, dalla Camera e dal Senato, dopo aver superato alcune selezioni, \u00e8 stato presentato a Roma, dove \u00e8 risultato vincitore anche a livello nazionale.<\/p>\n<p>Si tratta di 5 spot che sintetizzano i temi pace, libert\u00e0, salute, solidariet\u00e0 e diritto allo studio, legati da un unico filo conduttore: la Costituzione. A proposito \u00e8 stato coniato lo slogan: &#8220;La Costituzione sta dalla parte della gente. Leggila&#8221;.<\/p>\n<p>L&#8217;importante risultato \u00e8 frutto  di un articolato lavoro degli studenti, coordinato dall&#8217;insegnate del corso di comunicazione prof.ssa Arnaldi e da una serie di incontri tenuti da esperti, ai quali hanno partecipato come relatori il prefetto ed il questore di Savona.<\/p>\n<p>Questa mattina alle ore 12,30 nella la Sala della Protezione Civile presso la Prefettura, il prefetto Frediani ed il questore Trimarchi incontreranno gli studenti per complimentarsi del prestigioso riconoscimento ottenuto.<\/p>\n","protected":false},"excerpt":{"rendered":"<p>[thumb:5539:l]Savona. Si \u00e8 conclusa con un successo per i ragazzi dell&#8217;Istituto Tecnico Commerciale &#8220;Boselli&#8221; di Savona la cerimonia di premiazione che ha avuto luogo venerd\u00ec 22 maggio nell&#8217;aula di Palazzo Madama. Il video &#8220;Il cerchio&#8221; realizzato dagli studenti, nell&#8217;ambito del progetto-concorso &#8220;Dalle aule parlamentari alle aule di scuola&#8221; promosso dal MIUR, dalla Camera e dal [&hellip;]<\/p>\n","protected":false},"author":13744,"featured_media":0,"comment_status":"open","ping_status":"closed","sticky":false,"template":"","format":"standard","meta":{"footnotes":""},"categories":[],"tags":[6545,3533,755,85850,199,654],"class_list":["post-61713","post","type-post","status-publish","format-standard","hentry","tag-costituzione","tag-itc-boselli","tag-prefettura","tag-savona","tag-scuola","tag-studenti","post_cat_citta-savona"],"amp_validity":null,"amp_enabled":true,"_links":{"self":[{"href":"https:\/\/staging.ivg.it\/ediapi\/wp\/v2\/posts\/61713","targetHints":{"allow":["GET"]}}],"collection":[{"href":"https:\/\/staging.ivg.it\/ediapi\/wp\/v2\/posts"}],"about":[{"href":"https:\/\/staging.ivg.it\/ediapi\/wp\/v2\/types\/post"}],"author":[{"embeddable":true,"href":"https:\/\/staging.ivg.it\/ediapi\/wp\/v2\/users\/13744"}],"replies":[{"embeddable":true,"href":"https:\/\/staging.ivg.it\/ediapi\/wp\/v2\/comments?post=61713"}],"version-history":[{"count":0,"href":"https:\/\/staging.ivg.it\/ediapi\/wp\/v2\/posts\/61713\/revisions"}],"wp:attachment":[{"href":"https:\/\/staging.ivg.it\/ediapi\/wp\/v2\/media?parent=61713"}],"wp:term":[{"taxonomy":"category","embeddable":true,"href":"https:\/\/staging.ivg.it\/ediapi\/wp\/v2\/categories?post=61713"},{"taxonomy":"post_tag","embeddable":true,"href":"https:\/\/staging.ivg.it\/ediapi\/wp\/v2\/tags?post=61713"}],"curies":[{"name":"wp","href":"https:\/\/api.w.org\/{rel}","templated":true}]}}