{"id":61554,"date":"2009-05-28T10:40:09","date_gmt":"2009-05-28T08:40:09","guid":{"rendered":"http:\/\/www.ivg.it\/2009\/05\/28\/a-loano-weekend-allinsegna-della-torta-ligure\/"},"modified":"2009-05-28T10:40:09","modified_gmt":"2009-05-28T08:40:09","slug":"a-loano-weekend-allinsegna-della-torta-ligure","status":"publish","type":"post","link":"https:\/\/staging.ivg.it\/2009\/05\/a-loano-weekend-allinsegna-della-torta-ligure\/","title":{"rendered":"A Loano weekend all&#8217;insegna della torta ligure"},"content":{"rendered":"<p><strong>[thumb:12482:l]Loano<\/strong>. A Loano, il fine settimana sar\u00e0 dedicato al gusto che diventa arte. L&#8217;occasione di far riflettere sul legame tra cultura del cibo e mondo dell&#8217;arte \u00e8 data dalla rassegna l&#8217;Arte del gusto, promossa dall&#8217;Assessorato al Turismo e alla Cultura del Comune di Loano.<\/p>\n<p>Sabato 30 e domenica 31 maggio si svolger\u00e0 l&#8217;ottava edizione della Festa della Torta Ligure, mostra mercato dei prodotti tipici liguri (olio, olive, pat\u00e8 d&#8217;olive, pesto, miele, ed ancora carciofi, bietole, asparagi, boragini), organizzata dalla Parrocchia S. M. Immacolata con il patrocinio dell&#8217;Assessorato al Turismo e alla Cultura del Comune di Loano.<\/p>\n<p>&#8220;L&#8217;iniziativa &#8211; dice l&#8217;assessore al turismo e alla Cultura, Nicoletta Marconi &#8211; \u00e8 un gustoso pretesto per scoprire i principali elementi della nostra cucina locale. Si tratta di un percorso dedicato ad intenditori, appassionati, turisti e buongustai. Le produzioni locali agricole e gastronomiche che proponiamo sono produzioni di nicchia, di alta qualit\u00e0&#8221;.<\/p>\n<p>Il piatto forte di questa giornata, che si svolger\u00e0 presso il Cortile della Parrocchia S. M. Immacolata di Loano, sar\u00e0 la degustazione della &#8220;torta ligure&#8221;, presente con quattro ricette che esaltano i prodotti locali. Si potr\u00e0 assaporare la torta di bietole (Pasqualina), la torta di carciofi, la  torta di zucca e la torta di zucchine.<br \/>\nLa pi\u00f9 famosa \u00e8 la torta &#8220;Pasqualina&#8221; in cui si fondono mirabilmente olio d&#8217;oliva, bietole, uova e formaggio.<br \/>\nInoltre, si potranno gustare lasagne al pesto ligure, frittelle di mele e crostate con marmellate prodotte sul territorio locale.<\/p>\n<p>Il programma delle giornata prevede l&#8217;apertura della mostra mercato dalle ore 10.30 e l&#8217;apertura degli stand di degustazione alle ore 12,00.  Nell&#8217;area saranno allestiti anche quattro laboratori dove si potranno ammirare artigiani all&#8217;opera: decorazione di vetri, cesteria, manipolazione dell&#8217;argilla, tessitura a cura dell&#8217;Associazione Itinart, cioccolateria a cura del Laboratorio Maide, vetro soffiato a cura del Laboratorio Tre Archi e arte casearia. Inoltre, alle ore 16,00, si svolger\u00e0 il corso per imparare a fare il pesto e la focaccia ligure.<\/p>\n<p>Le giornate di festa saranno animate dalla performance di danza acrobatica dell&#8217;Associazione Loano Gym, guidata dall&#8217;insegnate Marina Santangelo, dall&#8217;esibizione di Karate degli allievi di Antonio Musuraca e dallo spettacolo di variet\u00e0 delle allieve dell&#8217;Accademia &#8220;Modern Jazz Dance&#8221; di Teo Chirico. Dalle ore 20,00 saranno protagonise la musica e la danza con esibizioni delle Scuole di Ballo Liscio e Caraibico.<\/p>\n","protected":false},"excerpt":{"rendered":"<p>[thumb:12482:l]Loano. A Loano, il fine settimana sar\u00e0 dedicato al gusto che diventa arte. L&#8217;occasione di far riflettere sul legame tra cultura del cibo e mondo dell&#8217;arte \u00e8 data dalla rassegna l&#8217;Arte del gusto, promossa dall&#8217;Assessorato al Turismo e alla Cultura del Comune di Loano. Sabato 30 e domenica 31 maggio si svolger\u00e0 l&#8217;ottava edizione della [&hellip;]<\/p>\n","protected":false},"author":13744,"featured_media":0,"comment_status":"open","ping_status":"closed","sticky":false,"template":"","format":"standard","meta":{"footnotes":""},"categories":[],"tags":[85827,6914],"class_list":["post-61554","post","type-post","status-publish","format-standard","hentry","tag-loano","tag-stand","post_cat_citta-loano"],"amp_validity":null,"amp_enabled":true,"_links":{"self":[{"href":"https:\/\/staging.ivg.it\/ediapi\/wp\/v2\/posts\/61554","targetHints":{"allow":["GET"]}}],"collection":[{"href":"https:\/\/staging.ivg.it\/ediapi\/wp\/v2\/posts"}],"about":[{"href":"https:\/\/staging.ivg.it\/ediapi\/wp\/v2\/types\/post"}],"author":[{"embeddable":true,"href":"https:\/\/staging.ivg.it\/ediapi\/wp\/v2\/users\/13744"}],"replies":[{"embeddable":true,"href":"https:\/\/staging.ivg.it\/ediapi\/wp\/v2\/comments?post=61554"}],"version-history":[{"count":0,"href":"https:\/\/staging.ivg.it\/ediapi\/wp\/v2\/posts\/61554\/revisions"}],"wp:attachment":[{"href":"https:\/\/staging.ivg.it\/ediapi\/wp\/v2\/media?parent=61554"}],"wp:term":[{"taxonomy":"category","embeddable":true,"href":"https:\/\/staging.ivg.it\/ediapi\/wp\/v2\/categories?post=61554"},{"taxonomy":"post_tag","embeddable":true,"href":"https:\/\/staging.ivg.it\/ediapi\/wp\/v2\/tags?post=61554"}],"curies":[{"name":"wp","href":"https:\/\/api.w.org\/{rel}","templated":true}]}}