{"id":61521,"date":"2009-05-28T08:17:30","date_gmt":"2009-05-28T06:17:30","guid":{"rendered":"http:\/\/www.ivg.it\/2009\/05\/28\/morte-di-natalino-fois-il-ricordo-del-cammino\/"},"modified":"2009-05-28T15:15:37","modified_gmt":"2009-05-28T13:15:37","slug":"morte-di-natalino-fois-il-ricordo-del-cammino","status":"publish","type":"post","link":"https:\/\/staging.ivg.it\/2009\/05\/morte-di-natalino-fois-il-ricordo-del-cammino\/","title":{"rendered":"Morte di Natalino Fois: il ricordo del Cammino"},"content":{"rendered":"<p>[thumb:12457:l]<strong>Savona<\/strong>. Il Cammino Cooperativa Sociale, Onlus di Sanremo, ricorda con partecipazione Natalino Fois, il pregiudicato di 57 anni deceduto all&#8217;ospedale San Martino di Genova. L&#8217;uomo, l&#8217;altro giorno a Savona, si \u00e8 sparato un colpo di pistola alla tempia nell&#8217;abitacolo di un furgone.<\/p>\n<p>&#8220;Natalino per anni ha collaborato con la Cooperativa, dal 2001 fino a settembre 2007, ed era ormai un punto di riferimento per molte persone &#8211; spiegano dal &#8220;Cammino&#8221; &#8211; Nel ricordo dei dirigenti e dei lavoratori Natalino Fois \u00e8 una persona che ha scontato le sue pendenze con la giustizia, costituendosi e scontando gli anni di carcere comminatigli. Pur ignorando le ragioni del gesto che hanno portato Natalino Fois a compiere un atto simile, desideriamo che alla famiglia vada tutto il nostro affetto, e teniamo particolarmente a ricordare il Natalino degli ultimi 10 anni, impegnato fortemente a recuperare ed aiutare moltissime persone in difficolt\u00e0&#8221;.<\/p>\n<p>Proseguono: &#8220;La sua storia, importante e &#8216;simbolo&#8217; del recupero sociale possibile anche per le persone con un passato difficile, era stata anonimamente raccontata in un video realizzato da Il Cammino Cooperativa Sociale Onlus per festeggiare al Teatro Cavour di Imperia il decennale della cooperativa. Natalino, da anni, lavorava, con capacit\u00e0 e coscienziosit\u00e0. Per anni si \u00e8 occupato, diventando anche responsabile di un cantiere di 20 lavoratori, del verde pubblico di Savona, appaltato a Il Cammino. La sua capacit\u00e0 lavorativa gli \u00e8 valsa anche un premio a Euroflora 2006 (Savona per l&#8217;aiuola da lui realizzata vinse un importante riconoscimento). Ma il Natalino dell&#8217;ultimo decennio era soprattutto una persona attenta agli altri, desiderosa di &#8216;recuperare&#8217; socialmente le persone che gli erano affidate dalla Cooperativa, e che monitorava attentamente, non solo per l&#8217;aspetto lavorativo ma prendendosene realmente cura, segnalando eventuali difficolt\u00e0 ai responsabili del Cammino, che immediatamente prendevano in carico i problemi&#8221;.<\/p>\n<p>I soci della cooperativa matuziana concludono: &#8220;Natalino lascia, con la sua morte tragica, anche due figli. Anche per loro vogliamo che la storia di Natalino sia raccontata per intero, parlando soprattutto di questi ultimi anni, che l&#8217;hanno visto diventare un punto di riferimento positivo per Savona, per quanti hanno lavorato con lui, per tutti i membri de Il Cammino Cooperativa Sociale Onlus&#8221;.<\/p>\n","protected":false},"excerpt":{"rendered":"<p>[thumb:12457:l]Savona. Il Cammino Cooperativa Sociale, Onlus di Sanremo, ricorda con partecipazione Natalino Fois, il pregiudicato di 57 anni deceduto all&#8217;ospedale San Martino di Genova. L&#8217;uomo, l&#8217;altro giorno a Savona, si \u00e8 sparato un colpo di pistola alla tempia nell&#8217;abitacolo di un furgone. &#8220;Natalino per anni ha collaborato con la Cooperativa, dal 2001 fino a settembre [&hellip;]<\/p>\n","protected":false},"author":13744,"featured_media":0,"comment_status":"open","ping_status":"closed","sticky":false,"template":"","format":"standard","meta":{"footnotes":""},"categories":[34],"tags":[735,737,8556,8554,611,85850,232,85834],"class_list":["post-61521","post","type-post","status-publish","format-standard","hentry","category-cronaca","tag-elicottero","tag-genova","tag-il-cammino","tag-miglio-verde","tag-sanremo","tag-savona","tag-soccorso","tag-sport","post_cat_citta-andora","post_cat_citta-savona"],"amp_validity":null,"amp_enabled":true,"_links":{"self":[{"href":"https:\/\/staging.ivg.it\/ediapi\/wp\/v2\/posts\/61521","targetHints":{"allow":["GET"]}}],"collection":[{"href":"https:\/\/staging.ivg.it\/ediapi\/wp\/v2\/posts"}],"about":[{"href":"https:\/\/staging.ivg.it\/ediapi\/wp\/v2\/types\/post"}],"author":[{"embeddable":true,"href":"https:\/\/staging.ivg.it\/ediapi\/wp\/v2\/users\/13744"}],"replies":[{"embeddable":true,"href":"https:\/\/staging.ivg.it\/ediapi\/wp\/v2\/comments?post=61521"}],"version-history":[{"count":0,"href":"https:\/\/staging.ivg.it\/ediapi\/wp\/v2\/posts\/61521\/revisions"}],"wp:attachment":[{"href":"https:\/\/staging.ivg.it\/ediapi\/wp\/v2\/media?parent=61521"}],"wp:term":[{"taxonomy":"category","embeddable":true,"href":"https:\/\/staging.ivg.it\/ediapi\/wp\/v2\/categories?post=61521"},{"taxonomy":"post_tag","embeddable":true,"href":"https:\/\/staging.ivg.it\/ediapi\/wp\/v2\/tags?post=61521"}],"curies":[{"name":"wp","href":"https:\/\/api.w.org\/{rel}","templated":true}]}}