{"id":61153,"date":"2009-05-25T15:05:14","date_gmt":"2009-05-25T13:05:14","guid":{"rendered":"http:\/\/www.ivg.it\/2009\/05\/25\/presentata-ledizione-2009-del-festival-di-verezzi\/"},"modified":"2009-05-26T11:16:59","modified_gmt":"2009-05-26T09:16:59","slug":"presentata-ledizione-2009-del-festival-di-verezzi","status":"publish","type":"post","link":"https:\/\/staging.ivg.it\/2009\/05\/presentata-ledizione-2009-del-festival-di-verezzi\/","title":{"rendered":"Presentata l&#8217;edizione 2009 del Festival di Verezzi"},"content":{"rendered":"<p><strong>[thumb:3305:l]Borgio Verezzi. <\/strong>Si aprir\u00e0 il 10 luglio la quarantatreesima edizione del Festival teatrale di Borgio Verezzi. Prima opera in cartellone sar\u00e0 l&#8217;Amleto, adattato da Maximilian Nisi per la regia di Piergiorgio Piccoli. Il calendario degli spettacoli di quella che \u00e8 ormai da tempo una delle pi\u00f9 importanti rassegne di prosa a livello nazionale \u00e8 stato illustrato questa mattina dall&#8217;assessore regionale alla cultura, Fabio Morchio, insiema al sindaco di Borgio, Giancarlo Vadora, ed al direttore artistico Stefano Delfino.<\/p>\n<p>L&#8217;edizione 2009 sar\u00e0 dedicata a Napoli e preveder\u00e0, come di consueto, in spettacoli nuovi ed in riletture di grandi classici. Secondo appuntamento il 16 luglio con la prima assoluta de &#8220;I Musicanti. Sonata a Cosimina&#8221; ispirato alla canzone scritta da Massimo Venturiello per Tosca. Si torner\u00e0 ai classici il 23 luglio con &#8220;La bottega del caff\u00e9&#8221; di Goldoni, presentato dalla Compagnia Gank in una coproduzione con il Festival di Borgio e il Teatro Stabile di Genova, per la regia di Antonio Zavatteri.<\/p>\n<p>Il 29 luglio arriver\u00e0 Luigi De Filippo nella doppia veste di interprete e regista de &#8220;La fortuna con l&#8217;effe maiuscola&#8221; di Eduardo De Filippo e Armando Curcio. Il 3 agosto Pierpaolo Sepe diriger\u00e0 &#8220;Chinese Coffee&#8221; di Ira Lewis, che approda per la prima volta in un teatro italiano dopo il successo nelle sale cinematografiche con Al Pacino.<\/p>\n<p>A chiudere gli spettacoli saranno l&#8217;8 agosto la prima nazionale di &#8220;Sam Capuozzo&#8221; di Roberto Azzurro, Marina Confalone e Luciano Saltarelli e, l&#8217;11 una serata di Toni Servillo dedicata ai grandi autori napoletani. Fra le novit\u00e0 collaterali di questa edizione, da segnalare l&#8217;emissione da parte delle Poste Italiane di un francobollo dedicato a Borgio Verezzi entrato a far parte dal 2008 dei Borghi pi\u00f9 belli d&#8217;Italia.<\/p>\n","protected":false},"excerpt":{"rendered":"<p>[thumb:3305:l]Borgio Verezzi. Si aprir\u00e0 il 10 luglio la quarantatreesima edizione del Festival teatrale di Borgio Verezzi. Prima opera in cartellone sar\u00e0 l&#8217;Amleto, adattato da Maximilian Nisi per la regia di Piergiorgio Piccoli. Il calendario degli spettacoli di quella che \u00e8 ormai da tempo una delle pi\u00f9 importanti rassegne di prosa a livello nazionale \u00e8 stato [&hellip;]<\/p>\n","protected":false},"author":13744,"featured_media":0,"comment_status":"open","ping_status":"closed","sticky":false,"template":"","format":"standard","meta":{"footnotes":""},"categories":[56],"tags":[85884,358,1669,490],"class_list":["post-61153","post","type-post","status-publish","format-standard","hentry","category-altre","tag-borgio-verezzi","tag-festival","tag-presentazione","tag-teatro","post_cat_citta-borgio-verezzi"],"amp_validity":null,"amp_enabled":true,"_links":{"self":[{"href":"https:\/\/staging.ivg.it\/ediapi\/wp\/v2\/posts\/61153","targetHints":{"allow":["GET"]}}],"collection":[{"href":"https:\/\/staging.ivg.it\/ediapi\/wp\/v2\/posts"}],"about":[{"href":"https:\/\/staging.ivg.it\/ediapi\/wp\/v2\/types\/post"}],"author":[{"embeddable":true,"href":"https:\/\/staging.ivg.it\/ediapi\/wp\/v2\/users\/13744"}],"replies":[{"embeddable":true,"href":"https:\/\/staging.ivg.it\/ediapi\/wp\/v2\/comments?post=61153"}],"version-history":[{"count":0,"href":"https:\/\/staging.ivg.it\/ediapi\/wp\/v2\/posts\/61153\/revisions"}],"wp:attachment":[{"href":"https:\/\/staging.ivg.it\/ediapi\/wp\/v2\/media?parent=61153"}],"wp:term":[{"taxonomy":"category","embeddable":true,"href":"https:\/\/staging.ivg.it\/ediapi\/wp\/v2\/categories?post=61153"},{"taxonomy":"post_tag","embeddable":true,"href":"https:\/\/staging.ivg.it\/ediapi\/wp\/v2\/tags?post=61153"}],"curies":[{"name":"wp","href":"https:\/\/api.w.org\/{rel}","templated":true}]}}