{"id":61107,"date":"2009-05-25T11:39:30","date_gmt":"2009-05-25T09:39:30","guid":{"rendered":"http:\/\/www.ivg.it\/2009\/05\/25\/patto-per-il-turismo-berruti-segnale-forte-e-importante\/"},"modified":"2009-05-25T16:10:39","modified_gmt":"2009-05-25T14:10:39","slug":"patto-per-il-turismo-berruti-segnale-forte-e-importante","status":"publish","type":"post","link":"https:\/\/staging.ivg.it\/2009\/05\/patto-per-il-turismo-berruti-segnale-forte-e-importante\/","title":{"rendered":"Patto per il Turismo, Berruti: &#8220;Segnale forte e importante&#8221;"},"content":{"rendered":"<p><strong>[thumb:7866:l]Savona. <\/strong>Il sindaco di Savona, Federico Berruti, \u00e8 intervenuto questa mattina nel corso della presentazione del &#8220;Patto per il Turismo&#8221; proposto da Confcommercio agli operatori ed alle istituzioni, tracciando le linee per lo sviluppo futuro della citt\u00e0. In particolare Berruti ha sottolineato come, con l&#8217;approvazione del nuovo Puc, sia nata una nuova idea di citt\u00e0, che alla vocazione portuale unisce quella universitaria, oltre a quella turistica, ponendo come obiettivo ambizioso lo sviluppo di nuovi servizi dedicati all&#8217;accoglienza, senza per\u00f2 dimenticare la necessit\u00e0 di dar vita a una radicale riqualificazione urbana ed al miglioramento degli spazi pubblici e della mobilit\u00e0.<\/p>\n<p>Il primo cittadino savonese ha poi rimarcato che nei prossimi anni nel capoluogo verr\u00e0 investito oltre mezzo miliardo di euro, tra iniziative del settore pubblico e di imprenditori privati, dichiarando che si tratta di &#8220;un&#8217;occasione irripetibile&#8221; per lo sviluppo economico e sociale di Savona, che diventer\u00e0 protagonista di un laboratorio di marketing territoriale unico nel suo genere.<\/p>\n<p>Tornando sul ruolo dei privati, il sindaco ha dichiatato di riconoscerlo come fondamentale, indicando negli operatori della filiera turistica i veri protagonisti di questa stagione ed invitando tutte le istituzioni a sostenere gli imprenditori del terziario. In merito al nuovo Patto, Berruti ha dichiarato: &#8220;E&#8217; un segnale forte e importante, un salto di qualit\u00e0 per il Savonese ed una sfida per una sempre maggiore sinergia tra pubblico e privato&#8221;.<\/p>\n<p>&#8220;Il Patto per il turismo &#8211; ha concluso il primo cittadino &#8211; va esattamente nella direzione di un processo di riconversione industriale. Un difficile passaggio che per\u00f2 deve necessariamente condurre alla nascita di una citt\u00e0 turistica e culturale&#8221;.<\/p>\n","protected":false},"excerpt":{"rendered":"<p>[thumb:7866:l]Savona. Il sindaco di Savona, Federico Berruti, \u00e8 intervenuto questa mattina nel corso della presentazione del &#8220;Patto per il Turismo&#8221; proposto da Confcommercio agli operatori ed alle istituzioni, tracciando le linee per lo sviluppo futuro della citt\u00e0. In particolare Berruti ha sottolineato come, con l&#8217;approvazione del nuovo Puc, sia nata una nuova idea di citt\u00e0, [&hellip;]<\/p>\n","protected":false},"author":4,"featured_media":0,"comment_status":"open","ping_status":"closed","sticky":false,"template":"","format":"standard","meta":{"footnotes":""},"categories":[35],"tags":[1062,9778,85850,107],"class_list":["post-61107","post","type-post","status-publish","format-standard","hentry","category-economia","tag-federico-berruti","tag-patto-per-il-turismo","tag-savona","tag-turismo","post_cat_citta-savona"],"amp_validity":null,"amp_enabled":true,"_links":{"self":[{"href":"https:\/\/staging.ivg.it\/ediapi\/wp\/v2\/posts\/61107","targetHints":{"allow":["GET"]}}],"collection":[{"href":"https:\/\/staging.ivg.it\/ediapi\/wp\/v2\/posts"}],"about":[{"href":"https:\/\/staging.ivg.it\/ediapi\/wp\/v2\/types\/post"}],"author":[{"embeddable":true,"href":"https:\/\/staging.ivg.it\/ediapi\/wp\/v2\/users\/4"}],"replies":[{"embeddable":true,"href":"https:\/\/staging.ivg.it\/ediapi\/wp\/v2\/comments?post=61107"}],"version-history":[{"count":0,"href":"https:\/\/staging.ivg.it\/ediapi\/wp\/v2\/posts\/61107\/revisions"}],"wp:attachment":[{"href":"https:\/\/staging.ivg.it\/ediapi\/wp\/v2\/media?parent=61107"}],"wp:term":[{"taxonomy":"category","embeddable":true,"href":"https:\/\/staging.ivg.it\/ediapi\/wp\/v2\/categories?post=61107"},{"taxonomy":"post_tag","embeddable":true,"href":"https:\/\/staging.ivg.it\/ediapi\/wp\/v2\/tags?post=61107"}],"curies":[{"name":"wp","href":"https:\/\/api.w.org\/{rel}","templated":true}]}}