{"id":60854,"date":"2009-05-22T18:01:15","date_gmt":"2009-05-22T16:01:15","guid":{"rendered":"http:\/\/www.ivg.it\/2009\/05\/22\/savona-finanza-inaugurata-nuova-caserma-in-porto\/"},"modified":"2009-05-23T12:49:35","modified_gmt":"2009-05-23T10:49:35","slug":"savona-finanza-inaugurata-nuova-caserma-in-porto","status":"publish","type":"post","link":"https:\/\/staging.ivg.it\/2009\/05\/savona-finanza-inaugurata-nuova-caserma-in-porto\/","title":{"rendered":"Guardia di Finanza: inaugurata nuova caserma nel porto di Savona"},"content":{"rendered":"<p><strong>[thumb:12392:l]Savona.<\/strong> E&#8217; stata Floriana Rossello, figlia ultranovantenne del brigadiere Edoardo Secondo Rossello a cui \u00e8 dedicata la nuova caserma, a tagliare il nastro della struttura che ospiter\u00e0 la sezione navale della guardia di finanza di Savona. Edoardo Secondo Rossello, nato a Dego nel 1894, \u00e8 stato decorato Medaglia di Bronzo al Valor Militare per un&#8217;audace azione di guerra di cui si \u00e8 reso protagonista nel 1918 in territorio albanese.<\/p>\n<p>Alla cerimonia di inaugurazione hanno preso parte le autorit\u00e0 civili e militari, oltre al comandante interregionale dell&#8217;Italia Nord Occidentale, generale Daniele Caprino, con la benedizione del vescovo Vittorio Lupi e del cappellano delle fiamme gialle.<\/p>\n<p>&#8220;Era da anni che l&#8217;Autorit\u00e0 portuale di Savona stava lavorando per una nuova sede del corpo navale della Finanza, nel cuore del porto, dove potr\u00e0 svolgere al meglio i suoi compiti&#8221; ha sottolineato il presidente della Port Authority, Cristoforo Canavese. La nuova caserma, che ospiter\u00e0 30 uomini del servizio navale e le motovodette in dotazione, \u00e8 dotata di magazzini e uffici \u00e8 destinata a sede operativa.<\/p>\n<p>Commossa l&#8217;anziana, ma ancora in forze, figlia del brigadiere Rossello : &#8220;E&#8217; un onore che ad oltre 90 anni dalla morte di mio padre la Guardia di Finanza gli abbia dedicato una caserma nella citt\u00e0 di Savona&#8221;.<\/p>\n<p style=\"text-align: center;\">\n<p style=\"text-align: left;\">[image:12393:c]<\/p>\n<p>[image:12391:c]<\/p>\n<p>[image:12390:c]<\/p>\n<p>[image:12389:c]<\/p>\n","protected":false},"excerpt":{"rendered":"<p>[thumb:12392:l]Savona. E&#8217; stata Floriana Rossello, figlia ultranovantenne del brigadiere Edoardo Secondo Rossello a cui \u00e8 dedicata la nuova caserma, a tagliare il nastro della struttura che ospiter\u00e0 la sezione navale della guardia di finanza di Savona. Edoardo Secondo Rossello, nato a Dego nel 1894, \u00e8 stato decorato Medaglia di Bronzo al Valor Militare per un&#8217;audace [&hellip;]<\/p>\n","protected":false},"author":4,"featured_media":0,"comment_status":"open","ping_status":"closed","sticky":false,"template":"","format":"standard","meta":{"footnotes":""},"categories":[],"tags":[319,1543,3440,392,1420,749,85850,180],"class_list":["post-60854","post","type-post","status-publish","format-standard","hentry","tag-anziana","tag-autorita-portuale","tag-cristoforo-canavese","tag-finanza","tag-generale","tag-guardia-di-finanza","tag-savona","tag-vittorio-lupi","post_cat_citta-andora","post_cat_citta-savona"],"amp_validity":null,"amp_enabled":true,"_links":{"self":[{"href":"https:\/\/staging.ivg.it\/ediapi\/wp\/v2\/posts\/60854","targetHints":{"allow":["GET"]}}],"collection":[{"href":"https:\/\/staging.ivg.it\/ediapi\/wp\/v2\/posts"}],"about":[{"href":"https:\/\/staging.ivg.it\/ediapi\/wp\/v2\/types\/post"}],"author":[{"embeddable":true,"href":"https:\/\/staging.ivg.it\/ediapi\/wp\/v2\/users\/4"}],"replies":[{"embeddable":true,"href":"https:\/\/staging.ivg.it\/ediapi\/wp\/v2\/comments?post=60854"}],"version-history":[{"count":0,"href":"https:\/\/staging.ivg.it\/ediapi\/wp\/v2\/posts\/60854\/revisions"}],"wp:attachment":[{"href":"https:\/\/staging.ivg.it\/ediapi\/wp\/v2\/media?parent=60854"}],"wp:term":[{"taxonomy":"category","embeddable":true,"href":"https:\/\/staging.ivg.it\/ediapi\/wp\/v2\/categories?post=60854"},{"taxonomy":"post_tag","embeddable":true,"href":"https:\/\/staging.ivg.it\/ediapi\/wp\/v2\/tags?post=60854"}],"curies":[{"name":"wp","href":"https:\/\/api.w.org\/{rel}","templated":true}]}}