{"id":60797,"date":"2009-05-22T12:25:02","date_gmt":"2009-05-22T10:25:02","guid":{"rendered":"http:\/\/www.ivg.it\/2009\/05\/22\/savona-teatro-chiabrera-positiva-la-stagione-20082009\/"},"modified":"2009-05-22T19:24:03","modified_gmt":"2009-05-22T17:24:03","slug":"savona-teatro-chiabrera-positiva-la-stagione-20082009","status":"publish","type":"post","link":"https:\/\/staging.ivg.it\/2009\/05\/savona-teatro-chiabrera-positiva-la-stagione-20082009\/","title":{"rendered":"Savona, Teatro Chiabrera: positiva la stagione 2008\/2009"},"content":{"rendered":"<p><strong>[thumb:632:l]Savona.<\/strong> &#8220;Un anno estremamente positivo e fortunato&#8221;. Con queste parole, l&#8217;assessore alla cultura Ferdinando Molteni e il direttore del Teatro Chiabrera Roberto Bosi, hanno commentato il bilancio della stagione artistica 2008\/2009, che si \u00e8 appena conclusa con 81 spettacoli, oltre 6.000 abbonati, e pi\u00f9 di 38 mila spettatori a pagamento.<\/p>\n<p>In particolare, Bosi ha sottolineato come il rapporto tra i posti in vendita e quelli effettivamente venduti abbia superato il 90%, un dato che rappresenta di fatto il tutto esaurito.<\/p>\n<p>&#8220;La risposta del pubblico \u00e8 stata eccezionale. E&#8217; la conferma delle scelte fatte, e del fascino di uno dei teatri storici pi\u00f9 belli d&#8217;Italia&#8221;, ha sottolineato Molteni. Anche Bosi ha evidenziato come il pubblico savonese abbia dimostrato di apprezzare la stagione di prosa e in ambito musicale si sia dimostrato molto competente&#8221;.<\/p>\n<p>Unica nota stonata gli spettacoli mattutini appositamente dedicati alle scuole medie, che sono andati meno bene del previsto. Il direttore del Chiabrera ha spiegato che da sempre la fascia tra gli 11 e i 13 anni \u00e8 l&#8217;anello debole della proposta per i pi\u00f9 giovani (Teatro giovani raccoglie spettatori dai 3 ai 18 anni), ma l&#8217;assessore Molteni ha invece attaccato: &#8220;La responsabilit\u00e0 non \u00e8 dell&#8217;organizzazione teatrale o della qualit\u00e0 degli eventi, ma di un indirizzo nazionale che porta al taglio delle attivit\u00e0 extrascolastiche; non sono infatti coinvolte le uscite teatrali, ma anche quelle dedicate alle visite in Pinacoteca e ad altre attivit\u00e0 formative e culturali. Con l&#8217;applicazione della riforma Gelmini tutto questo non potr\u00e0 che peggiorare&#8221;.<\/p>\n<p style=\"text-align: left;\">Bosi ha dichiarato di sperare nella sensibilit\u00e0 di vari dirigenti scolastici per riuscire a trovare una soluzione.<\/p>\n<p><strong><em>                                                                                                                                  Matteo Lai<\/em><\/strong><\/p>\n","protected":false},"excerpt":{"rendered":"<p>[thumb:632:l]Savona. &#8220;Un anno estremamente positivo e fortunato&#8221;. Con queste parole, l&#8217;assessore alla cultura Ferdinando Molteni e il direttore del Teatro Chiabrera Roberto Bosi, hanno commentato il bilancio della stagione artistica 2008\/2009, che si \u00e8 appena conclusa con 81 spettacoli, oltre 6.000 abbonati, e pi\u00f9 di 38 mila spettatori a pagamento. In particolare, Bosi ha sottolineato [&hellip;]<\/p>\n","protected":false},"author":4,"featured_media":0,"comment_status":"open","ping_status":"closed","sticky":false,"template":"","format":"standard","meta":{"footnotes":""},"categories":[],"tags":[36,164,85980,736,1063,85850,4286,7591,3499],"class_list":["post-60797","post","type-post","status-publish","format-standard","hentry","tag-cultura","tag-direttore","tag-eventi","tag-gelmini","tag-roberto-bosi","tag-savona","tag-savonese","tag-scuole-medie","tag-teatro-chiabrera","post_cat_citta-andora","post_cat_citta-savona"],"amp_validity":null,"amp_enabled":true,"_links":{"self":[{"href":"https:\/\/staging.ivg.it\/ediapi\/wp\/v2\/posts\/60797","targetHints":{"allow":["GET"]}}],"collection":[{"href":"https:\/\/staging.ivg.it\/ediapi\/wp\/v2\/posts"}],"about":[{"href":"https:\/\/staging.ivg.it\/ediapi\/wp\/v2\/types\/post"}],"author":[{"embeddable":true,"href":"https:\/\/staging.ivg.it\/ediapi\/wp\/v2\/users\/4"}],"replies":[{"embeddable":true,"href":"https:\/\/staging.ivg.it\/ediapi\/wp\/v2\/comments?post=60797"}],"version-history":[{"count":0,"href":"https:\/\/staging.ivg.it\/ediapi\/wp\/v2\/posts\/60797\/revisions"}],"wp:attachment":[{"href":"https:\/\/staging.ivg.it\/ediapi\/wp\/v2\/media?parent=60797"}],"wp:term":[{"taxonomy":"category","embeddable":true,"href":"https:\/\/staging.ivg.it\/ediapi\/wp\/v2\/categories?post=60797"},{"taxonomy":"post_tag","embeddable":true,"href":"https:\/\/staging.ivg.it\/ediapi\/wp\/v2\/tags?post=60797"}],"curies":[{"name":"wp","href":"https:\/\/api.w.org\/{rel}","templated":true}]}}