{"id":60455,"date":"2009-05-20T10:13:54","date_gmt":"2009-05-20T08:13:54","guid":{"rendered":"http:\/\/www.ivg.it\/2009\/05\/20\/elezioni-europee-incontro-con-luigi-ferrante-il-loto\/"},"modified":"2009-05-20T10:13:54","modified_gmt":"2009-05-20T08:13:54","slug":"elezioni-europee-incontro-con-luigi-ferrante-il-loto","status":"publish","type":"post","link":"https:\/\/staging.ivg.it\/2009\/05\/elezioni-europee-incontro-con-luigi-ferrante-il-loto\/","title":{"rendered":"Elezioni europee, incontro con Luigi Ferrante (Il Loto)"},"content":{"rendered":"<p><strong>[thumb:12342:l]Savona<\/strong>. Domani, gioved\u00ec 21 maggio alle ore 15,30, presso la Sala Rossa del Comune di Savona, si terr\u00e0 un incontro con Luigi Ferrante, scrittore e ricercatore spirituale, candidato alle elezioni europee per il movimento politico &#8220;Il Loto&#8221;, al fianco di Antonio Di Pietro per L&#8217;Italia dei Valori. &#8220;Il movimento &#8211; spiegano i suoi esponenti &#8211; sostiene l&#8217;integrazione dei valori umani di pace, rettitudine, verit\u00e0 e non violenza, nella vita come nella politica, convinto della necessit\u00e0 di armonizzare il progresso della societ\u00e0 con la crescita spirituale dell&#8217;individuo&#8221;.<\/p>\n<p>&#8220;Il Loto &#8211; proseguono ha deciso di mettersi in corsa per le europee con l&#8217;Italia dei Valori, mostrando per\u00f2 una considerevole indipendenza ed un&#8217;approccio estremamente pragmatico e valoriale, impegnandosi a sviluppare un programma al servizio delle famiglie e dei lavoratori. In un momento di diffidenza e di crisi della vita politica e della societ\u00e0, dove la stessa realizza il fallimento della vecchia politica, la verit\u00e0 \u00e8 da ricercarsi nei valori e nella realizzazione di un nuovo progetto che li valorizzi&#8221;.<\/p>\n","protected":false},"excerpt":{"rendered":"<p>[thumb:12342:l]Savona. Domani, gioved\u00ec 21 maggio alle ore 15,30, presso la Sala Rossa del Comune di Savona, si terr\u00e0 un incontro con Luigi Ferrante, scrittore e ricercatore spirituale, candidato alle elezioni europee per il movimento politico &#8220;Il Loto&#8221;, al fianco di Antonio Di Pietro per L&#8217;Italia dei Valori. &#8220;Il movimento &#8211; spiegano i suoi esponenti &#8211; [&hellip;]<\/p>\n","protected":false},"author":13744,"featured_media":0,"comment_status":"open","ping_status":"closed","sticky":false,"template":"","format":"standard","meta":{"footnotes":""},"categories":[31],"tags":[6189,2492,85850],"class_list":["post-60455","post","type-post","status-publish","format-standard","hentry","category-politica","tag-elezioni-europee","tag-idv","tag-savona","post_cat_citta-savona"],"amp_validity":null,"amp_enabled":true,"_links":{"self":[{"href":"https:\/\/staging.ivg.it\/ediapi\/wp\/v2\/posts\/60455","targetHints":{"allow":["GET"]}}],"collection":[{"href":"https:\/\/staging.ivg.it\/ediapi\/wp\/v2\/posts"}],"about":[{"href":"https:\/\/staging.ivg.it\/ediapi\/wp\/v2\/types\/post"}],"author":[{"embeddable":true,"href":"https:\/\/staging.ivg.it\/ediapi\/wp\/v2\/users\/13744"}],"replies":[{"embeddable":true,"href":"https:\/\/staging.ivg.it\/ediapi\/wp\/v2\/comments?post=60455"}],"version-history":[{"count":0,"href":"https:\/\/staging.ivg.it\/ediapi\/wp\/v2\/posts\/60455\/revisions"}],"wp:attachment":[{"href":"https:\/\/staging.ivg.it\/ediapi\/wp\/v2\/media?parent=60455"}],"wp:term":[{"taxonomy":"category","embeddable":true,"href":"https:\/\/staging.ivg.it\/ediapi\/wp\/v2\/categories?post=60455"},{"taxonomy":"post_tag","embeddable":true,"href":"https:\/\/staging.ivg.it\/ediapi\/wp\/v2\/tags?post=60455"}],"curies":[{"name":"wp","href":"https:\/\/api.w.org\/{rel}","templated":true}]}}