{"id":60392,"date":"2009-05-19T17:43:36","date_gmt":"2009-05-19T15:43:36","guid":{"rendered":"http:\/\/www.ivg.it\/2009\/05\/19\/savona-ordinanza-anti-accattonaggio-intervento-del-prc\/"},"modified":"2009-05-19T17:43:36","modified_gmt":"2009-05-19T15:43:36","slug":"savona-ordinanza-anti-accattonaggio-intervento-del-prc","status":"publish","type":"post","link":"https:\/\/staging.ivg.it\/2009\/05\/savona-ordinanza-anti-accattonaggio-intervento-del-prc\/","title":{"rendered":"Savona, ordinanza anti-accattonaggio: intervento del Prc"},"content":{"rendered":"<p><strong>[thumb:11966:l]Savona.<\/strong> Rifondazione Comunista interviene sulla recente ordinanza anti-accattonaggio del sindaco di Savona Federico Berruti. In una nota il segretario provinciale Marco Ravera afferma: &#8220;Credo che sia stata spettacolarizzata, magari per fini elettorali -. Non c&#8217;\u00e8 a Savona un problema sicurezza, semmai c&#8217;\u00e8 una questione di vivibilit\u00e0 degli spazi pubblici. Il problema non si risolve certo con un&#8217;ordinanza, visto che esistono normative in proposito e basterebbe farle rispettare. Forse si ignora che il Codice Penale, agli articoli 670 e 671 prevede gi\u00e0 la &#8220;mendicit\u00e0&#8221; e le sanzioni ad essa collegate&#8221;.<\/p>\n<p>Ravera conclude: &#8220;Se dai cittadini viene percepita una forma di insicurezza e magari anche di paura \u00e8 bene che il Sindaco se ne interessi facendo per\u00f2 rispettare la normativa senza farsi prendere dalle mode&#8221;.<\/p>\n","protected":false},"excerpt":{"rendered":"<p>[thumb:11966:l]Savona. Rifondazione Comunista interviene sulla recente ordinanza anti-accattonaggio del sindaco di Savona Federico Berruti. In una nota il segretario provinciale Marco Ravera afferma: &#8220;Credo che sia stata spettacolarizzata, magari per fini elettorali -. Non c&#8217;\u00e8 a Savona un problema sicurezza, semmai c&#8217;\u00e8 una questione di vivibilit\u00e0 degli spazi pubblici. Il problema non si risolve certo [&hellip;]<\/p>\n","protected":false},"author":13744,"featured_media":0,"comment_status":"open","ping_status":"closed","sticky":false,"template":"","format":"standard","meta":{"footnotes":""},"categories":[31],"tags":[2722,1062,366,367,85850],"class_list":["post-60392","post","type-post","status-publish","format-standard","hentry","category-politica","tag-accattonaggio","tag-federico-berruti","tag-marco-ravera","tag-rifondazione-comunista","tag-savona","post_cat_citta-andora","post_cat_citta-savona"],"amp_validity":null,"amp_enabled":true,"_links":{"self":[{"href":"https:\/\/staging.ivg.it\/ediapi\/wp\/v2\/posts\/60392","targetHints":{"allow":["GET"]}}],"collection":[{"href":"https:\/\/staging.ivg.it\/ediapi\/wp\/v2\/posts"}],"about":[{"href":"https:\/\/staging.ivg.it\/ediapi\/wp\/v2\/types\/post"}],"author":[{"embeddable":true,"href":"https:\/\/staging.ivg.it\/ediapi\/wp\/v2\/users\/13744"}],"replies":[{"embeddable":true,"href":"https:\/\/staging.ivg.it\/ediapi\/wp\/v2\/comments?post=60392"}],"version-history":[{"count":0,"href":"https:\/\/staging.ivg.it\/ediapi\/wp\/v2\/posts\/60392\/revisions"}],"wp:attachment":[{"href":"https:\/\/staging.ivg.it\/ediapi\/wp\/v2\/media?parent=60392"}],"wp:term":[{"taxonomy":"category","embeddable":true,"href":"https:\/\/staging.ivg.it\/ediapi\/wp\/v2\/categories?post=60392"},{"taxonomy":"post_tag","embeddable":true,"href":"https:\/\/staging.ivg.it\/ediapi\/wp\/v2\/tags?post=60392"}],"curies":[{"name":"wp","href":"https:\/\/api.w.org\/{rel}","templated":true}]}}