{"id":60355,"date":"2009-05-19T15:09:00","date_gmt":"2009-05-19T13:09:00","guid":{"rendered":"http:\/\/www.ivg.it\/2009\/05\/19\/sciopero-acts-lintervento-di-boffa-pd\/"},"modified":"2009-05-19T15:09:00","modified_gmt":"2009-05-19T13:09:00","slug":"sciopero-acts-lintervento-di-boffa-pd","status":"publish","type":"post","link":"https:\/\/staging.ivg.it\/2009\/05\/sciopero-acts-lintervento-di-boffa-pd\/","title":{"rendered":"Sciopero Acts, l&#8217;intervento di Boffa (Pd)"},"content":{"rendered":"<p><strong>[thumb:11312:l]Savona. <\/strong>Il candidato Pd alla presidenza della Provincia di Savona. Michele Boffa, interviene in merito alla vertenza Acts, culminata nello sciopero di ieri. &#8220;Ho seguito con attenzione e preoccupazione il duro confronto tra dirigenza e dipendenti Acts &#8211; spiega l&#8217;esponente democratico &#8211; e, a bocce ferme, vorrei sottolineare un paio di cose e prendere un impegno&#8221;.<\/p>\n<p>&#8220;La Provincia di Savona \u00e8 socio dell&#8217;azienda di trasporto pubblico con oltre il 37% di quote azionarie, quindi dovrebbe stare, in questa situazione, di fianco alla dirigenza, a suo supporto. Ma la Provincia \u00e8 anche il soggetto principalmente attivo per una regolarizzazione dei lavoratori precari, per il miglioramento delle condizioni di tutti i lavoratori, per la loro riqualificazione: quindi dovrebbe trovarsi al fianco dei lavoratori&#8221; sottolinea Boffa, che poi prosegue: &#8220;Ora questa pu\u00f2 sembrare una posizione in cui nessuno vorrebbe trovarsi: tra l&#8217;incudine e il martello. In realt\u00e0 \u00e8 una posizione meravigliosa per chi la sa riconoscere, che permette di colgiere entrambi i punti di vista, ma soprattutto pu\u00f2 far riprendere e mantenere il dialogo tra le parti&#8221;.<\/p>\n<p>&#8220;E questo \u00e8 proprio l&#8217;impegno che voglio prendere &#8211; conclude il candidato del Pd -. Se sar\u00f2 eletto presidente mi attiver\u00f2 subito affinch\u00e8 il dialogo riprenda e si trovi al pi\u00f9 presto un punto comune dal quale ripartire per offrire un servizio ai cittadini sempre pi\u00f9 efficiente e soddisfacente per tutti, lavoratori in testa&#8221;.<\/p>\n","protected":false},"excerpt":{"rendered":"<p>[thumb:11312:l]Savona. Il candidato Pd alla presidenza della Provincia di Savona. Michele Boffa, interviene in merito alla vertenza Acts, culminata nello sciopero di ieri. &#8220;Ho seguito con attenzione e preoccupazione il duro confronto tra dirigenza e dipendenti Acts &#8211; spiega l&#8217;esponente democratico &#8211; e, a bocce ferme, vorrei sottolineare un paio di cose e prendere un [&hellip;]<\/p>\n","protected":false},"author":1385,"featured_media":0,"comment_status":"open","ping_status":"closed","sticky":false,"template":"","format":"standard","meta":{"footnotes":""},"categories":[31],"tags":[594,3211,375,85850,2152],"class_list":["post-60355","post","type-post","status-publish","format-standard","hentry","category-politica","tag-acts","tag-michele-boffa","tag-provincia","tag-savona","tag-sciopero","post_cat_citta-savona"],"amp_validity":null,"amp_enabled":true,"_links":{"self":[{"href":"https:\/\/staging.ivg.it\/ediapi\/wp\/v2\/posts\/60355","targetHints":{"allow":["GET"]}}],"collection":[{"href":"https:\/\/staging.ivg.it\/ediapi\/wp\/v2\/posts"}],"about":[{"href":"https:\/\/staging.ivg.it\/ediapi\/wp\/v2\/types\/post"}],"author":[{"embeddable":true,"href":"https:\/\/staging.ivg.it\/ediapi\/wp\/v2\/users\/1385"}],"replies":[{"embeddable":true,"href":"https:\/\/staging.ivg.it\/ediapi\/wp\/v2\/comments?post=60355"}],"version-history":[{"count":0,"href":"https:\/\/staging.ivg.it\/ediapi\/wp\/v2\/posts\/60355\/revisions"}],"wp:attachment":[{"href":"https:\/\/staging.ivg.it\/ediapi\/wp\/v2\/media?parent=60355"}],"wp:term":[{"taxonomy":"category","embeddable":true,"href":"https:\/\/staging.ivg.it\/ediapi\/wp\/v2\/categories?post=60355"},{"taxonomy":"post_tag","embeddable":true,"href":"https:\/\/staging.ivg.it\/ediapi\/wp\/v2\/tags?post=60355"}],"curies":[{"name":"wp","href":"https:\/\/api.w.org\/{rel}","templated":true}]}}