{"id":60350,"date":"2009-05-19T14:43:35","date_gmt":"2009-05-19T12:43:35","guid":{"rendered":"http:\/\/www.ivg.it\/2009\/05\/19\/anche-a-savona-arriva-il-taxi-rosa\/"},"modified":"2009-05-19T17:43:50","modified_gmt":"2009-05-19T15:43:50","slug":"anche-a-savona-arriva-il-taxi-rosa","status":"publish","type":"post","link":"https:\/\/staging.ivg.it\/2009\/05\/anche-a-savona-arriva-il-taxi-rosa\/","title":{"rendered":"Anche a Savona arriva il &#8220;Taxi rosa&#8221;"},"content":{"rendered":"<p><strong>[thumb:12334:l]Savona. <\/strong>Anche il Comune di Savona aderisce all&#8217;iniziativa regionale &#8220;Taxi rosa&#8221;. A deciderlo \u00e8 stata oggi la giunta. Il progetto, a carattere sperimentale, \u00e8 rivolto alle donne che si spostano sole o in piccoli gruppi nella fascia oraria compresa tra le 22 e le 4 e consiste nella concessione di un buono sconto di cinque euro per ogni corsa effettuata.<\/p>\n<p>L&#8217;agevolazione sar\u00e0 riconosciuta a favore delle donne in possesso di un buono che dovr\u00e0 essere richiesto alla Regione Liguria, con modalit\u00e0 ancora in via di definizione. &#8220;La Regione Liguria &#8211; spiega l&#8217;assessore Aglietto &#8211; ha invitato tutti i Comuni ad attivarsi e a partecipare a questo progetto sperimentale, sentiti i rappresentanti delle categorie, che va nella direzione di una migliore qualit\u00e0 della vita e di una  migliore sicurezza per l&#8217;utenza femminile&#8221;. Il servizio, di cui si prevede l&#8217;avvio a breve, sar\u00e0 attivato, per ora, fino al 31 dicembre 2009.<\/p>\n","protected":false},"excerpt":{"rendered":"<p>[thumb:12334:l]Savona. Anche il Comune di Savona aderisce all&#8217;iniziativa regionale &#8220;Taxi rosa&#8221;. A deciderlo \u00e8 stata oggi la giunta. Il progetto, a carattere sperimentale, \u00e8 rivolto alle donne che si spostano sole o in piccoli gruppi nella fascia oraria compresa tra le 22 e le 4 e consiste nella concessione di un buono sconto di cinque [&hellip;]<\/p>\n","protected":false},"author":1385,"featured_media":0,"comment_status":"open","ping_status":"closed","sticky":false,"template":"","format":"standard","meta":{"footnotes":""},"categories":[56],"tags":[86019,2612,2509,295,85850],"class_list":["post-60350","post","type-post","status-publish","format-standard","hentry","category-altre","tag-comune","tag-franco-aglietto","tag-iniziativa","tag-regione","tag-savona","post_cat_citta-savona"],"amp_validity":null,"amp_enabled":true,"_links":{"self":[{"href":"https:\/\/staging.ivg.it\/ediapi\/wp\/v2\/posts\/60350","targetHints":{"allow":["GET"]}}],"collection":[{"href":"https:\/\/staging.ivg.it\/ediapi\/wp\/v2\/posts"}],"about":[{"href":"https:\/\/staging.ivg.it\/ediapi\/wp\/v2\/types\/post"}],"author":[{"embeddable":true,"href":"https:\/\/staging.ivg.it\/ediapi\/wp\/v2\/users\/1385"}],"replies":[{"embeddable":true,"href":"https:\/\/staging.ivg.it\/ediapi\/wp\/v2\/comments?post=60350"}],"version-history":[{"count":0,"href":"https:\/\/staging.ivg.it\/ediapi\/wp\/v2\/posts\/60350\/revisions"}],"wp:attachment":[{"href":"https:\/\/staging.ivg.it\/ediapi\/wp\/v2\/media?parent=60350"}],"wp:term":[{"taxonomy":"category","embeddable":true,"href":"https:\/\/staging.ivg.it\/ediapi\/wp\/v2\/categories?post=60350"},{"taxonomy":"post_tag","embeddable":true,"href":"https:\/\/staging.ivg.it\/ediapi\/wp\/v2\/tags?post=60350"}],"curies":[{"name":"wp","href":"https:\/\/api.w.org\/{rel}","templated":true}]}}