{"id":60249,"date":"2009-05-18T18:02:19","date_gmt":"2009-05-18T16:02:19","guid":{"rendered":"http:\/\/www.ivg.it\/2009\/05\/18\/sciopero-acts-il-prc-al-fianco-dei-lavoratori\/"},"modified":"2009-05-18T18:48:05","modified_gmt":"2009-05-18T16:48:05","slug":"sciopero-acts-il-prc-al-fianco-dei-lavoratori","status":"publish","type":"post","link":"https:\/\/staging.ivg.it\/2009\/05\/sciopero-acts-il-prc-al-fianco-dei-lavoratori\/","title":{"rendered":"Sciopero Acts: il Prc al fianco dei lavoratori"},"content":{"rendered":"<p><strong>[thumb:12307:l]Savona.<\/strong> Rifondazione Comunista \u00e8 scesa in piazza al fianco dei lavoratori di Acts che hanno manifestato oggi a Savona per lo sciopero di quattro ore del trasporto pubblico.<\/p>\n<p>Per il Prc il nuovo assetto organizativo del lavoro in Acts \u00e8 inaccettabile, e va a discapito della stessa sicurezza di autisti e passeggeri. &#8220;E&#8217; stato ridotto l&#8217;organico con conseguente aumento degli straordinari &#8211; afferma in una nota il Prc -; non viene rispettato l&#8217;orario di lavoro e vengono sistematicamente saltati i riposi settimanali. Alcuni lavoratori, a parit\u00e0 di mansione, hanno stipendi pi\u00f9 bassi e lavorano di pi\u00f9; sono state molto ridimensionate le officine e perse professionalit\u00e0 esistenti; infine gli impiegati vengono sostituiti con personale precario&#8221;.<\/p>\n<p>I sindacati hanno ragione a chiedere agli enti locali il perch\u00e8 di un via libera alla riorganizzazione dell&#8217;azienda senza l&#8217;ok dei sindacati: &#8220;Gi\u00e0 lo scorso ottobre, dai banchi della maggioranza, presentammo un&#8217;interpellanza in Provincia senza avere risposte significative. Il trasporto pubblico locale \u00e8 un punto cardine del nostro programma per le provinciali&#8221;, conclude la nota di Rifondazione.<\/p>\n","protected":false},"excerpt":{"rendered":"<p>[thumb:12307:l]Savona. Rifondazione Comunista \u00e8 scesa in piazza al fianco dei lavoratori di Acts che hanno manifestato oggi a Savona per lo sciopero di quattro ore del trasporto pubblico. Per il Prc il nuovo assetto organizativo del lavoro in Acts \u00e8 inaccettabile, e va a discapito della stessa sicurezza di autisti e passeggeri. &#8220;E&#8217; stato ridotto [&hellip;]<\/p>\n","protected":false},"author":13744,"featured_media":0,"comment_status":"open","ping_status":"closed","sticky":false,"template":"","format":"standard","meta":{"footnotes":""},"categories":[35,31],"tags":[594,367,85850,2379],"class_list":["post-60249","post","type-post","status-publish","format-standard","hentry","category-economia","category-politica","tag-acts","tag-rifondazione-comunista","tag-savona","tag-trasporto","post_cat_citta-andora","post_cat_citta-savona"],"amp_validity":null,"amp_enabled":true,"_links":{"self":[{"href":"https:\/\/staging.ivg.it\/ediapi\/wp\/v2\/posts\/60249","targetHints":{"allow":["GET"]}}],"collection":[{"href":"https:\/\/staging.ivg.it\/ediapi\/wp\/v2\/posts"}],"about":[{"href":"https:\/\/staging.ivg.it\/ediapi\/wp\/v2\/types\/post"}],"author":[{"embeddable":true,"href":"https:\/\/staging.ivg.it\/ediapi\/wp\/v2\/users\/13744"}],"replies":[{"embeddable":true,"href":"https:\/\/staging.ivg.it\/ediapi\/wp\/v2\/comments?post=60249"}],"version-history":[{"count":0,"href":"https:\/\/staging.ivg.it\/ediapi\/wp\/v2\/posts\/60249\/revisions"}],"wp:attachment":[{"href":"https:\/\/staging.ivg.it\/ediapi\/wp\/v2\/media?parent=60249"}],"wp:term":[{"taxonomy":"category","embeddable":true,"href":"https:\/\/staging.ivg.it\/ediapi\/wp\/v2\/categories?post=60249"},{"taxonomy":"post_tag","embeddable":true,"href":"https:\/\/staging.ivg.it\/ediapi\/wp\/v2\/tags?post=60249"}],"curies":[{"name":"wp","href":"https:\/\/api.w.org\/{rel}","templated":true}]}}