{"id":60248,"date":"2009-05-18T18:11:40","date_gmt":"2009-05-18T16:11:40","guid":{"rendered":"http:\/\/www.ivg.it\/?p=60248"},"modified":"2009-05-19T07:51:55","modified_gmt":"2009-05-19T05:51:55","slug":"lista-pdl-giornalisti-ci-risiamo-con-il-complotto","status":"publish","type":"post","link":"https:\/\/staging.ivg.it\/2009\/05\/lista-pdl-giornalisti-ci-risiamo-con-il-complotto\/","title":{"rendered":"Lista Pdl, Associazione Ligure Giornalisti: &#8220;Ci risiamo con il complotto&#8221;"},"content":{"rendered":"<p><strong>[thumb:1441:l]Savona<\/strong>. &#8220;Ci risiamo con la storia del complotto&#8221;. Lo afferma in una nota Marcello Zinola, segretario dell&#8217;Associazione ligure dei giornalisti, riferendosi al &#8220;complotto mediatico&#8221; indicato dal coordinatore regionale del Pdl come la causa dell&#8217;esclusione della sua lista dalle elezioni provinciali di Savona.<\/p>\n<p>&#8220;Colpa dei giornali e dei cronisti che hanno cercato notizie e si sono procurati sentenze (pubbliche), documenti (depositati e quindi anch&#8217;essi pubblici), testimonianze e notizie tratte da siti web &#8211; scrive Zinola -. Il complotto \u00e8 dunque stato questo. I giornalisti hanno invece svolto il ruolo fondamentale, facendo il loro lavoro. Stabilire se il caso Savona sia un problema di mera forma o anche di profonda sostanza compete alla magistratura. Ai media e ai giornalisti compete la ricerca, il racconto e la documentazione di ci\u00f2 che scrivono. Cosa che \u00e8 stata fatta e che continuer\u00e0 ad essere fatta perch\u00e9 l&#8217;informazione \u00e8 un fatto di reale sostanza&#8221;.<\/p>\n","protected":false},"excerpt":{"rendered":"<p>[thumb:1441:l]Savona. &#8220;Ci risiamo con la storia del complotto&#8221;. Lo afferma in una nota Marcello Zinola, segretario dell&#8217;Associazione ligure dei giornalisti, riferendosi al &#8220;complotto mediatico&#8221; indicato dal coordinatore regionale del Pdl come la causa dell&#8217;esclusione della sua lista dalle elezioni provinciali di Savona. &#8220;Colpa dei giornali e dei cronisti che hanno cercato notizie e si sono [&hellip;]<\/p>\n","protected":false},"author":13744,"featured_media":0,"comment_status":"open","ping_status":"closed","sticky":false,"template":"","format":"standard","meta":{"footnotes":""},"categories":[],"tags":[218,915,216,85850,86046],"class_list":["post-60248","post","type-post","status-publish","format-standard","hentry","tag-elezioni","tag-informazione","tag-pdl","tag-savona","tag-zinola","post_cat_citta-savona"],"amp_validity":null,"amp_enabled":true,"_links":{"self":[{"href":"https:\/\/staging.ivg.it\/ediapi\/wp\/v2\/posts\/60248","targetHints":{"allow":["GET"]}}],"collection":[{"href":"https:\/\/staging.ivg.it\/ediapi\/wp\/v2\/posts"}],"about":[{"href":"https:\/\/staging.ivg.it\/ediapi\/wp\/v2\/types\/post"}],"author":[{"embeddable":true,"href":"https:\/\/staging.ivg.it\/ediapi\/wp\/v2\/users\/13744"}],"replies":[{"embeddable":true,"href":"https:\/\/staging.ivg.it\/ediapi\/wp\/v2\/comments?post=60248"}],"version-history":[{"count":0,"href":"https:\/\/staging.ivg.it\/ediapi\/wp\/v2\/posts\/60248\/revisions"}],"wp:attachment":[{"href":"https:\/\/staging.ivg.it\/ediapi\/wp\/v2\/media?parent=60248"}],"wp:term":[{"taxonomy":"category","embeddable":true,"href":"https:\/\/staging.ivg.it\/ediapi\/wp\/v2\/categories?post=60248"},{"taxonomy":"post_tag","embeddable":true,"href":"https:\/\/staging.ivg.it\/ediapi\/wp\/v2\/tags?post=60248"}],"curies":[{"name":"wp","href":"https:\/\/api.w.org\/{rel}","templated":true}]}}