{"id":60131,"date":"2009-05-18T12:00:00","date_gmt":"2009-05-18T10:00:00","guid":{"rendered":"http:\/\/www.ivg.it\/?p=60131"},"modified":"2009-05-19T08:25:06","modified_gmt":"2009-05-19T06:25:06","slug":"savona-sciopero-bus-adesione-all88","status":"publish","type":"post","link":"https:\/\/staging.ivg.it\/2009\/05\/savona-sciopero-bus-adesione-all88\/","title":{"rendered":"Savona, sciopero bus: adesione all&#8217;88%"},"content":{"rendered":"<p><strong>[thumb:12309:l]Savona<\/strong>. Lo sciopero degli autobus ha registrato stamane un&#8217;adesione pari all&#8217;88%. E&#8217; il dato che riguarda il personale viaggiante dell&#8217;Acts. Circa il 20% dei lavoratori delle officine, invece, ha partecipato all&#8217;agitazione. Tambureggiando a ritmo di slogan, i lavoratori in corteo si sono spostati dal deposito di Legino verso il palazzo comunale, per un incontro con il sindaco Berruti sulla vertenza sindacale.[image:12307:r]<\/p>\n<p>L&#8217;astensione dal lavoro si protrarr\u00e0 sino alle 14,15, anche se disagi potrebbero verificarsi sino alle 17. La protesta contro i tagli agli organici \u00e8 arrivata dopo la rottura di laboriose negoziazioni tra le parti. Cos\u00ec Roberto Speranza, segretario della Fit-Cisl Trasporti: &#8220;Lo sciopero \u00e8 un atto legittimo dei lavoratori, che arriva dopo un percorso lungo e duro di trattative con l&#8217;azienda. Al momento non ci sono le condizioni per un nuovo tavolo di discussione. E&#8217; l&#8217;ora di tutelare i lavoratori di Acts che hanno gi\u00e0 pagato in questi anni la difficile situazione del trasporto pubblico. Le nostre aspettative restano un cambio di rotta nell&#8217;organizzazione del lavoro, crediamo che ci siano gli spazi per portare avanti il piano aziendale e allo stesso tempo garantire turni e orari di lavoro pi\u00f9 compatibili con una vita normale&#8221;.<\/p>\n<p>[image:12306:c]<\/p>\n<p>[image:12309:c]<\/p>\n<p>[image:12310:c]<\/p>\n","protected":false},"excerpt":{"rendered":"<p>[thumb:12309:l]Savona. Lo sciopero degli autobus ha registrato stamane un&#8217;adesione pari all&#8217;88%. E&#8217; il dato che riguarda il personale viaggiante dell&#8217;Acts. Circa il 20% dei lavoratori delle officine, invece, ha partecipato all&#8217;agitazione. Tambureggiando a ritmo di slogan, i lavoratori in corteo si sono spostati dal deposito di Legino verso il palazzo comunale, per un incontro con [&hellip;]<\/p>\n","protected":false},"author":5,"featured_media":0,"comment_status":"open","ping_status":"closed","sticky":false,"template":"","format":"standard","meta":{"footnotes":""},"categories":[35],"tags":[594,2369,593,85850,2152],"class_list":["post-60131","post","type-post","status-publish","format-standard","hentry","category-economia","tag-acts","tag-autobus","tag-bus","tag-savona","tag-sciopero","post_cat_citta-savona"],"amp_validity":null,"amp_enabled":true,"_links":{"self":[{"href":"https:\/\/staging.ivg.it\/ediapi\/wp\/v2\/posts\/60131","targetHints":{"allow":["GET"]}}],"collection":[{"href":"https:\/\/staging.ivg.it\/ediapi\/wp\/v2\/posts"}],"about":[{"href":"https:\/\/staging.ivg.it\/ediapi\/wp\/v2\/types\/post"}],"author":[{"embeddable":true,"href":"https:\/\/staging.ivg.it\/ediapi\/wp\/v2\/users\/5"}],"replies":[{"embeddable":true,"href":"https:\/\/staging.ivg.it\/ediapi\/wp\/v2\/comments?post=60131"}],"version-history":[{"count":0,"href":"https:\/\/staging.ivg.it\/ediapi\/wp\/v2\/posts\/60131\/revisions"}],"wp:attachment":[{"href":"https:\/\/staging.ivg.it\/ediapi\/wp\/v2\/media?parent=60131"}],"wp:term":[{"taxonomy":"category","embeddable":true,"href":"https:\/\/staging.ivg.it\/ediapi\/wp\/v2\/categories?post=60131"},{"taxonomy":"post_tag","embeddable":true,"href":"https:\/\/staging.ivg.it\/ediapi\/wp\/v2\/tags?post=60131"}],"curies":[{"name":"wp","href":"https:\/\/api.w.org\/{rel}","templated":true}]}}