{"id":59871,"date":"2009-05-15T15:58:19","date_gmt":"2009-05-15T13:58:19","guid":{"rendered":"http:\/\/www.ivg.it\/?p=59871"},"modified":"2009-05-15T19:41:25","modified_gmt":"2009-05-15T17:41:25","slug":"savona-tornano-i-concerti-di-primavera","status":"publish","type":"post","link":"https:\/\/staging.ivg.it\/2009\/05\/savona-tornano-i-concerti-di-primavera\/","title":{"rendered":"Savona, tornano i &#8220;Concerti di Primavera&#8221;"},"content":{"rendered":"<p><strong>[thumb:12241:l]Savona.<\/strong> Tornano i &#8220;Concerti di Primavera&#8221; a Savona. L&#8217;evento organizzato da Cinzia Bartoli (<em>nella foto<\/em>), grande pianista savonese di livello internazionale, con l&#8217;Associazione Musicale Dioniso, giunge alla XXI Edizione e si apre domani, sabato 16 maggio, alle ore 21,00 in Cappella Sistina con il concerto, intitolato &#8220;Fiori d&#8217;Arte&#8221;: musiche di Mozart, Rossini, Boito, Donizetti, Puccini e Verdi, con i soprani Margherita Mauro, Maria Pia Di Matteo, Lucia Gavaciuto, Daniela Pellerino, Marina Zaninetti Tenore: Michele Ravera. Baritono: Giorgio Aimassi. Basso: Franco Ghigliano. Con la collaborazione pianistica dei Maestri Daniele Gatto e Fabio Gorlier, e la direzione artistica del Soprano Margherita Mauro.<\/p>\n<p>I concerti  si svolgeranno tutti in Cappella Sistina, anche il 17, 21, 23, 24,27 e 30 maggio. Poi dal 3 giugno in poi subentra l&#8217;evento nell&#8217;evento: il Festival Pianistico Internazionale vedr\u00e0 alcuni dei migliori giovani protagonisti della scena pianistica, per chiudere il 10 giugno con la performance di Cinzia Bartoli, che suoner\u00e0 Debussy e Ravel in uno scrigno prezioso della sua citt\u00e0 qual&#8217;\u00e8 la Cappella Sistina.<\/p>\n","protected":false},"excerpt":{"rendered":"<p>[thumb:12241:l]Savona. Tornano i &#8220;Concerti di Primavera&#8221; a Savona. L&#8217;evento organizzato da Cinzia Bartoli (nella foto), grande pianista savonese di livello internazionale, con l&#8217;Associazione Musicale Dioniso, giunge alla XXI Edizione e si apre domani, sabato 16 maggio, alle ore 21,00 in Cappella Sistina con il concerto, intitolato &#8220;Fiori d&#8217;Arte&#8221;: musiche di Mozart, Rossini, Boito, Donizetti, Puccini [&hellip;]<\/p>\n","protected":false},"author":13744,"featured_media":0,"comment_status":"open","ping_status":"closed","sticky":false,"template":"","format":"standard","meta":{"footnotes":""},"categories":[],"tags":[358,1243,2575,1144,1722,1706,85850],"class_list":["post-59871","post","type-post","status-publish","format-standard","hentry","tag-festival","tag-internazionale","tag-mozart","tag-primavera","tag-ravera","tag-rossini","tag-savona","post_cat_citta-savona"],"amp_validity":null,"amp_enabled":true,"_links":{"self":[{"href":"https:\/\/staging.ivg.it\/ediapi\/wp\/v2\/posts\/59871","targetHints":{"allow":["GET"]}}],"collection":[{"href":"https:\/\/staging.ivg.it\/ediapi\/wp\/v2\/posts"}],"about":[{"href":"https:\/\/staging.ivg.it\/ediapi\/wp\/v2\/types\/post"}],"author":[{"embeddable":true,"href":"https:\/\/staging.ivg.it\/ediapi\/wp\/v2\/users\/13744"}],"replies":[{"embeddable":true,"href":"https:\/\/staging.ivg.it\/ediapi\/wp\/v2\/comments?post=59871"}],"version-history":[{"count":0,"href":"https:\/\/staging.ivg.it\/ediapi\/wp\/v2\/posts\/59871\/revisions"}],"wp:attachment":[{"href":"https:\/\/staging.ivg.it\/ediapi\/wp\/v2\/media?parent=59871"}],"wp:term":[{"taxonomy":"category","embeddable":true,"href":"https:\/\/staging.ivg.it\/ediapi\/wp\/v2\/categories?post=59871"},{"taxonomy":"post_tag","embeddable":true,"href":"https:\/\/staging.ivg.it\/ediapi\/wp\/v2\/tags?post=59871"}],"curies":[{"name":"wp","href":"https:\/\/api.w.org\/{rel}","templated":true}]}}