{"id":59810,"date":"2009-05-15T14:24:21","date_gmt":"2009-05-15T12:24:21","guid":{"rendered":"http:\/\/www.ivg.it\/2009\/05\/15\/liguria-12-milioni-per-lalta-via-e-i-parchi-regionali\/"},"modified":"2009-05-15T19:23:46","modified_gmt":"2009-05-15T17:23:46","slug":"liguria-12-milioni-per-lalta-via-e-i-parchi-regionali","status":"publish","type":"post","link":"https:\/\/staging.ivg.it\/2009\/05\/liguria-12-milioni-per-lalta-via-e-i-parchi-regionali\/","title":{"rendered":"Liguria, 12 milioni per l&#8217;Alta Via e i parchi regionali"},"content":{"rendered":"<p><strong>[thumb:8018:l]Liguria. <\/strong>La giunta regionale ha stanziato dodici milioni di euro a favore del sistema dei parchi e dell&#8217;Alta Via dei monti liguri. La selezione degli interventi \u00e8 stata attuata in relazione alla valenza regionale, al livello di cantierabilit\u00e0, anche tenendo conto dello sviluppo di interventi gi\u00e0 realizzati o in corso di realizzazione, della presenza di altre risorse pubbliche e valutando la sostenibilit\u00e0 gestionale. Due i progetti che toccheranno la provincia di Savona. Un milione e 50 mila euro finanzieranno il recupero e la messa in sicurezza di edifici all&#8217;interno del Parco del Beigua per ospitare scolaresche e turisti, mentre 2 milioni e 470 mila euro (da suddividere anche con le province di Imperia e Genova, oltre che con gli enti parco delle Alpi Liguri, dell&#8217;Antola, dell&#8217;Aveto, di Montemarcello e di Portofino) saranno finalizzati alla nascita della rete sentieristica dell&#8217;Alta Via.<\/p>\n<p>&#8220;Il finanziamento approvato oggi in giunta &#8211; spiega Franco Zunino, assessore all&#8217;Ambiente &#8211; \u00e8 molto importante per il sistema dei parchi liguri che rappresentano un volano per l&#8217;economia della regione, in grado di moltiplicare gli investimenti ricevuti e in grado di creare ricchezza per i territori&#8221;.<\/p>\n<p>&#8220;Si tratta proprio di quei parchi &#8211; sottolinea poi il presidente della Regione Liguria, Claudio Burlando &#8211; che il Governo vuole chiudere e che noi invece vogliamo valorizzare. Mi auguro pertanto che ci ripensino perch\u00e9 nel rilancio turistico della Liguria i parchi hanno avuto e hanno  un ruolo molto importante&#8221;. &#8220;Il sistema &#8211; conclude Zunino &#8211; rappresenta  un potente strumento di sviluppo leggero e diffuso, importante per l&#8217;intera regione e in particolare per le aree rurali&#8221;.<\/p>\n","protected":false},"excerpt":{"rendered":"<p>[thumb:8018:l]Liguria. La giunta regionale ha stanziato dodici milioni di euro a favore del sistema dei parchi e dell&#8217;Alta Via dei monti liguri. La selezione degli interventi \u00e8 stata attuata in relazione alla valenza regionale, al livello di cantierabilit\u00e0, anche tenendo conto dello sviluppo di interventi gi\u00e0 realizzati o in corso di realizzazione, della presenza di [&hellip;]<\/p>\n","protected":false},"author":1385,"featured_media":0,"comment_status":"open","ping_status":"closed","sticky":false,"template":"","format":"standard","meta":{"footnotes":""},"categories":[56],"tags":[284,3133,1058,86125,295,85850],"class_list":["post-59810","post","type-post","status-publish","format-standard","hentry","category-altre","tag-claudio-burlando","tag-finanziamento","tag-franco-zunino","tag-parco-del-beigua","tag-regione","tag-savona","post_cat_citta-andora","post_cat_citta-savona"],"amp_validity":null,"amp_enabled":true,"_links":{"self":[{"href":"https:\/\/staging.ivg.it\/ediapi\/wp\/v2\/posts\/59810","targetHints":{"allow":["GET"]}}],"collection":[{"href":"https:\/\/staging.ivg.it\/ediapi\/wp\/v2\/posts"}],"about":[{"href":"https:\/\/staging.ivg.it\/ediapi\/wp\/v2\/types\/post"}],"author":[{"embeddable":true,"href":"https:\/\/staging.ivg.it\/ediapi\/wp\/v2\/users\/1385"}],"replies":[{"embeddable":true,"href":"https:\/\/staging.ivg.it\/ediapi\/wp\/v2\/comments?post=59810"}],"version-history":[{"count":0,"href":"https:\/\/staging.ivg.it\/ediapi\/wp\/v2\/posts\/59810\/revisions"}],"wp:attachment":[{"href":"https:\/\/staging.ivg.it\/ediapi\/wp\/v2\/media?parent=59810"}],"wp:term":[{"taxonomy":"category","embeddable":true,"href":"https:\/\/staging.ivg.it\/ediapi\/wp\/v2\/categories?post=59810"},{"taxonomy":"post_tag","embeddable":true,"href":"https:\/\/staging.ivg.it\/ediapi\/wp\/v2\/tags?post=59810"}],"curies":[{"name":"wp","href":"https:\/\/api.w.org\/{rel}","templated":true}]}}