{"id":59695,"date":"2009-05-14T18:07:25","date_gmt":"2009-05-14T16:07:25","guid":{"rendered":"http:\/\/www.ivg.it\/?p=59695"},"modified":"2009-05-14T18:31:12","modified_gmt":"2009-05-14T16:31:12","slug":"provinciali-a-vendone-ultimo-convegno-formativo-della-lega","status":"publish","type":"post","link":"https:\/\/staging.ivg.it\/2009\/05\/provinciali-a-vendone-ultimo-convegno-formativo-della-lega\/","title":{"rendered":"Provinciali, a Vendone ultimo convegno formativo della Lega"},"content":{"rendered":"<p><strong>[thumb:12215:l]Vendone.<\/strong> La segreteria provinciale del Carroccio ha incaricato il Centro Studi e Scuola Quadri della Lega Nord Liguria di seguire e assistere i vari candidati alle elezioni provinciali nelle fasi pi\u00f9 impegnative della campagna elettorale.<\/p>\n<p>Lo staff sta percorrendo la provincia per una serie d&#8217;incontri con i vari candidati della Lega Nord ed \u00e8 composto dagli esperti: ing. Faroppa (pubblica amministrazione), dott. Calabria (servizi sociali), manager Nacinovich (imprenditoria), dott. Abbriata (turismo), avv. Tarantino (sicurezza), dott. Giusto (sanit\u00e0) e dal pubblicista Giusti (solidariet\u00e0 sociale).<\/p>\n<p>I professionisti sono partiti da Albenga il 18 aprile scorso, dove \u00e8 stata fatta una sintetica illustrazione delle linee guida del Movimento (inviate dalla sede milanese del Carroccio) e vi sono state riflessioni politiche sulle varie problematiche interne al territorio. All&#8217;inaugurazione dei corsi, presso la sede ingauna della Lega Nord, era presente il segretario nazionale della Lega Nord Francesco Bruzzone e le massime autorit\u00e0 del Carroccio ligure, fra cui la leader albenganese Rosy Guarnieri.<\/p>\n<p>La seconda tappa \u00e8 stata ad Andora il 6 maggio con la partecipazione del candidato alle elezioni europee  Bruno Ravera, la terza a Savona l&#8217;8 maggio con la partecipazione di tutti i candidati del capoluogo, la quarta a Carcare il 12 maggio con tutti i candidati valbormidesi e la quinta sar\u00e0 a Vendone nella serata di luned\u00ec 18 maggio. L&#8217;ultimo convegno formativo avverr\u00e0 alle ore 21, presso lo Sferisterio Comunale in frazione Castellano, sar\u00e0 una tappa &#8220;particolare&#8221; di riflessione dopo le recenti note vicende che hanno visto la Lega Nord riammessa alle elezioni provinciali di Savona.<\/p>\n<p>Il convegno formativo di Vendone avr\u00e0 la partecipazione straordinaria del presidente onorario della Lega Nord Ligure Bruno Ravera.<\/p>\n<p>Tra i temi del convegno formativo di Vendone sar\u00e0: come la Lega Nord vuole amministrare le province italiane, la funzione dell&#8217;ente Provincia nel progetto federalista per l&#8217;Italia, il decentramento amministrativo inteso come migliori servizi ai cittadini, lo snellimento della pubblica amministrazione, riflessioni sulle varie problematiche locali, elementi guida su come funziona la Provincia di Savona e su quali sono le sue attuali competenze.<\/p>\n<p>L&#8217;attivit\u00e0 del Centro Studi e Scuola Quadri Lega Nord Liguria, svolta per la provincia di Savona sotto il coordinamento della Segreteria Provinciale Bronda, \u00e8 sempre aggiornata sul sito: <a href=\"http:\/\/www.leganordcentrostudi.it\">www.leganordcentrostudi.it<\/a><\/p>\n","protected":false},"excerpt":{"rendered":"<p>[thumb:12215:l]Vendone. La segreteria provinciale del Carroccio ha incaricato il Centro Studi e Scuola Quadri della Lega Nord Liguria di seguire e assistere i vari candidati alle elezioni provinciali nelle fasi pi\u00f9 impegnative della campagna elettorale. Lo staff sta percorrendo la provincia per una serie d&#8217;incontri con i vari candidati della Lega Nord ed \u00e8 composto [&hellip;]<\/p>\n","protected":false},"author":13744,"featured_media":0,"comment_status":"open","ping_status":"closed","sticky":false,"template":"","format":"standard","meta":{"footnotes":""},"categories":[31],"tags":[85841,85847,3955,85852,6856,6189,3215,3867,200,630,111,1835,2134],"class_list":["post-59695","post","type-post","status-publish","format-standard","hentry","category-politica","tag-albenga","tag-andora","tag-campagna-elettorale","tag-carcare","tag-centro-studi","tag-elezioni-europee","tag-francesco-bruzzone","tag-guarnieri","tag-inaugurazione","tag-lega-nord","tag-sanita","tag-servizi-sociali","tag-sferisterio","post_cat_citta-vendone"],"amp_validity":null,"amp_enabled":true,"_links":{"self":[{"href":"https:\/\/staging.ivg.it\/ediapi\/wp\/v2\/posts\/59695","targetHints":{"allow":["GET"]}}],"collection":[{"href":"https:\/\/staging.ivg.it\/ediapi\/wp\/v2\/posts"}],"about":[{"href":"https:\/\/staging.ivg.it\/ediapi\/wp\/v2\/types\/post"}],"author":[{"embeddable":true,"href":"https:\/\/staging.ivg.it\/ediapi\/wp\/v2\/users\/13744"}],"replies":[{"embeddable":true,"href":"https:\/\/staging.ivg.it\/ediapi\/wp\/v2\/comments?post=59695"}],"version-history":[{"count":0,"href":"https:\/\/staging.ivg.it\/ediapi\/wp\/v2\/posts\/59695\/revisions"}],"wp:attachment":[{"href":"https:\/\/staging.ivg.it\/ediapi\/wp\/v2\/media?parent=59695"}],"wp:term":[{"taxonomy":"category","embeddable":true,"href":"https:\/\/staging.ivg.it\/ediapi\/wp\/v2\/categories?post=59695"},{"taxonomy":"post_tag","embeddable":true,"href":"https:\/\/staging.ivg.it\/ediapi\/wp\/v2\/tags?post=59695"}],"curies":[{"name":"wp","href":"https:\/\/api.w.org\/{rel}","templated":true}]}}