{"id":59548,"date":"2009-05-14T06:50:31","date_gmt":"2009-05-14T04:50:31","guid":{"rendered":"http:\/\/www.ivg.it\/2009\/05\/14\/roberto-romani-nuovo-presidente-fondazione-carisa\/"},"modified":"2009-05-14T09:35:01","modified_gmt":"2009-05-14T07:35:01","slug":"roberto-romani-nuovo-presidente-fondazione-carisa","status":"publish","type":"post","link":"https:\/\/staging.ivg.it\/2009\/05\/roberto-romani-nuovo-presidente-fondazione-carisa\/","title":{"rendered":"Roberto Romani nuovo presidente Fondazione Carisa"},"content":{"rendered":"<p><strong>[thumb:3366:l]Savona<\/strong>. L&#8217;avvocato savonese Roberto Romani, gi\u00e0 vicepresidente della Fondazione Carisa &#8220;De Mari&#8221; \u00e8 stato nominato all&#8217;unanimit\u00e0 nuovo presidente della Fondazione dell&#8217;istituto credito savonese.<\/p>\n<p>La nomina \u00e8 arrivata nel corso della riunione del consiglio di indirizzo della stessa Fondazione che si \u00e8 riunita nella sede di corso Italia. Romani subentra a Luciano Pasquale, nominato presidente di banca Carisa (Carige) il 24 aprile scorso.<\/p>\n","protected":false},"excerpt":{"rendered":"<p>[thumb:3366:l]Savona. L&#8217;avvocato savonese Roberto Romani, gi\u00e0 vicepresidente della Fondazione Carisa &#8220;De Mari&#8221; \u00e8 stato nominato all&#8217;unanimit\u00e0 nuovo presidente della Fondazione dell&#8217;istituto credito savonese. La nomina \u00e8 arrivata nel corso della riunione del consiglio di indirizzo della stessa Fondazione che si \u00e8 riunita nella sede di corso Italia. Romani subentra a Luciano Pasquale, nominato presidente di [&hellip;]<\/p>\n","protected":false},"author":13744,"featured_media":0,"comment_status":"open","ping_status":"closed","sticky":false,"template":"","format":"standard","meta":{"footnotes":""},"categories":[35],"tags":[932,5521,7688,85850],"class_list":["post-59548","post","type-post","status-publish","format-standard","hentry","category-economia","tag-carisa","tag-fondazione-a-de-mari","tag-roberto-romani","tag-savona","post_cat_citta-andora","post_cat_citta-savona"],"amp_validity":null,"amp_enabled":true,"_links":{"self":[{"href":"https:\/\/staging.ivg.it\/ediapi\/wp\/v2\/posts\/59548","targetHints":{"allow":["GET"]}}],"collection":[{"href":"https:\/\/staging.ivg.it\/ediapi\/wp\/v2\/posts"}],"about":[{"href":"https:\/\/staging.ivg.it\/ediapi\/wp\/v2\/types\/post"}],"author":[{"embeddable":true,"href":"https:\/\/staging.ivg.it\/ediapi\/wp\/v2\/users\/13744"}],"replies":[{"embeddable":true,"href":"https:\/\/staging.ivg.it\/ediapi\/wp\/v2\/comments?post=59548"}],"version-history":[{"count":0,"href":"https:\/\/staging.ivg.it\/ediapi\/wp\/v2\/posts\/59548\/revisions"}],"wp:attachment":[{"href":"https:\/\/staging.ivg.it\/ediapi\/wp\/v2\/media?parent=59548"}],"wp:term":[{"taxonomy":"category","embeddable":true,"href":"https:\/\/staging.ivg.it\/ediapi\/wp\/v2\/categories?post=59548"},{"taxonomy":"post_tag","embeddable":true,"href":"https:\/\/staging.ivg.it\/ediapi\/wp\/v2\/tags?post=59548"}],"curies":[{"name":"wp","href":"https:\/\/api.w.org\/{rel}","templated":true}]}}