{"id":59339,"date":"2009-05-12T19:21:59","date_gmt":"2009-05-12T17:21:59","guid":{"rendered":"http:\/\/www.ivg.it\/2009\/05\/12\/unione-industriali-fabio-atzori-subentra-a-marco-maccio\/"},"modified":"2009-05-13T14:00:34","modified_gmt":"2009-05-13T12:00:34","slug":"unione-industriali-fabio-atzori-subentra-a-marco-maccio","status":"publish","type":"post","link":"https:\/\/staging.ivg.it\/2009\/05\/unione-industriali-fabio-atzori-subentra-a-marco-maccio\/","title":{"rendered":"Unione Industriali: Fabio Atzori subentra a Marco Macci\u00f2"},"content":{"rendered":"<p><strong>[thumb:9630:l]Savona<\/strong>. E&#8217; Fabio Atzori, amministratore delegato e socio di Demont, il candidato a subentrare a Marco Macci\u00f2 alla guida dell&#8217;Unione Industriali della Provincia di Savona. Lo ha votato, con 41 preferenze su 45 votanti (4 schede bianche), la Giunta dell&#8217;Unione riunitasi nel tardo pomeriggio di oggi presso la sede di via Gramsci.<\/p>\n<p>Il candidato presidente presenter\u00e0 alla Giunta dell&#8217;Unione del 10 giugno la proposta dei quattro vice presidenti che lo affiancheranno e gli indirizzi programmatici per il biennio. Entro il 30 giugno l&#8217;assemblea degli industriali savonesi sar\u00e0 chiamata a pronunciarsi sulla proposta della Giunta per la presidenza dell&#8217;Unione Industriali nel biennio 2009\/2011.<\/p>\n<p>Nato a Piacenza nel 1968, dopo la laurea in ingegneria meccanica conseguita al Politecnico di Milano a 23 anni, Fabio Atzori ha iniziato la propria attivit\u00e0 professionale all&#8217;Ansaldo, dove \u00e8 rimasto sino al 2000, con l&#8217;incarico di responsabile del Servizio Avviamenti e Service. In quei 9 anni ha maturato una grande esperienza internazionale in Asia, India, Sud America e Medio Oriente.<\/p>\n<p>A met\u00e0 2000 \u00e8 entrato in Alstom ed \u00e8 stato inviato in Cile, dapprima con l&#8217;incarico di Station and Contract Manager, quindi amministratore delle attivit\u00e0 di Service, Esercizio e Manutenzione per quella regione.<\/p>\n<p>E&#8217; approdato in Demont nel 2003 come direttore della Divisione Industriale, poi nominato presidente del Consorzio Demont Maintenance, quindi consigliere di amministrazione di Demont, successivamente direttore generale e amministratore delegato del Gruppo, di cui era divenuto nel frattempo anche socio.<\/p>\n<p>Demont \u00e8 una delle realt\u00e0 imprenditoriali pi\u00f9 importanti dell&#8217;intera Liguria, con un giro d&#8217;affari complessivo 2008 di 320 milioni di euro, 1.300 addetti diretti (dei quali 400 impiegati stabilmente nel savonese), 6 stabilimenti produttivi, 40 cantieri aperti in Italia e nel mondo ed un portafoglio ordini che, ad oggi, ha gi\u00e0 toccato la cifra record di 280 milioni di euro, con commesse a tutto il 2009 e met\u00e0 2010.<\/p>\n","protected":false},"excerpt":{"rendered":"<p>[thumb:9630:l]Savona. E&#8217; Fabio Atzori, amministratore delegato e socio di Demont, il candidato a subentrare a Marco Macci\u00f2 alla guida dell&#8217;Unione Industriali della Provincia di Savona. Lo ha votato, con 41 preferenze su 45 votanti (4 schede bianche), la Giunta dell&#8217;Unione riunitasi nel tardo pomeriggio di oggi presso la sede di via Gramsci. Il candidato presidente [&hellip;]<\/p>\n","protected":false},"author":13744,"featured_media":0,"comment_status":"open","ping_status":"closed","sticky":false,"template":"","format":"standard","meta":{"footnotes":""},"categories":[35],"tags":[627,7170,85850,86052],"class_list":["post-59339","post","type-post","status-publish","format-standard","hentry","category-economia","tag-demont","tag-fabio-atzori","tag-savona","tag-unione-industriali","post_cat_citta-savona"],"amp_validity":null,"amp_enabled":true,"_links":{"self":[{"href":"https:\/\/staging.ivg.it\/ediapi\/wp\/v2\/posts\/59339","targetHints":{"allow":["GET"]}}],"collection":[{"href":"https:\/\/staging.ivg.it\/ediapi\/wp\/v2\/posts"}],"about":[{"href":"https:\/\/staging.ivg.it\/ediapi\/wp\/v2\/types\/post"}],"author":[{"embeddable":true,"href":"https:\/\/staging.ivg.it\/ediapi\/wp\/v2\/users\/13744"}],"replies":[{"embeddable":true,"href":"https:\/\/staging.ivg.it\/ediapi\/wp\/v2\/comments?post=59339"}],"version-history":[{"count":0,"href":"https:\/\/staging.ivg.it\/ediapi\/wp\/v2\/posts\/59339\/revisions"}],"wp:attachment":[{"href":"https:\/\/staging.ivg.it\/ediapi\/wp\/v2\/media?parent=59339"}],"wp:term":[{"taxonomy":"category","embeddable":true,"href":"https:\/\/staging.ivg.it\/ediapi\/wp\/v2\/categories?post=59339"},{"taxonomy":"post_tag","embeddable":true,"href":"https:\/\/staging.ivg.it\/ediapi\/wp\/v2\/tags?post=59339"}],"curies":[{"name":"wp","href":"https:\/\/api.w.org\/{rel}","templated":true}]}}