{"id":59262,"date":"2009-05-12T16:27:06","date_gmt":"2009-05-12T14:27:06","guid":{"rendered":"http:\/\/www.ivg.it\/2009\/05\/12\/fita-cna-incontro-sui-temi-della-sicurezza-e-della-legalita\/"},"modified":"2009-05-12T17:16:25","modified_gmt":"2009-05-12T15:16:25","slug":"fita-cna-incontro-sui-temi-della-sicurezza-e-della-legalita","status":"publish","type":"post","link":"https:\/\/staging.ivg.it\/2009\/05\/fita-cna-incontro-sui-temi-della-sicurezza-e-della-legalita\/","title":{"rendered":"Fita-Cna: incontro sui temi della sicurezza e della legalit\u00e0"},"content":{"rendered":"<p><strong>[thumb:4768:l]Savona.<\/strong> Legalit\u00e0 e sicurezza al centro di un convegno organizzato dalla Fita-Cna di Savona che si \u00e8 svolto nella Sala Rossa del Comune. &#8220;La crisi verticale che st\u00e0 colpendo duramente il settore che registra un calo vertiginoso del fatturato, deriva oltre che dal crollo della produzione industriale, dal proliferare di un sistema selvaggio di concorrenza sleale che purtroppo colpisce le aziende sane ed oneste&#8221;, affermano dalla Fita-Cna -. Per questo il tema delle regole e dell&#8217;efficace sistema dei controlli su strada diventa un elemento della competitivit\u00e0 pi\u00f9 complessiva delle aziende di trasporto&#8221;.<\/p>\n<p>Tra i temi affrontati nell&#8217;incontro il contratto di trasporto e la scheda di trasporto che ha visto relatore l&#8217; avv. Andrea Ettore Tracci: sono state illustrate tutte le nuove modalit\u00e0 che la legge prevede proprio per dare &#8220;tracciabilit\u00e0&#8221; e certezze ai traporti anche relativamente ai costi che devono essere osservati toccando il particolare il delicato  tema del cabotaggio e delle sue regole.<\/p>\n<p>Si \u00e8 discusso inoltre di  orario di lavoro e di riposo con relatore Umberto Taddia, esperto funzionario della Fita-Cna in materia di contrattualistica del lavoro proprio a sottolineare l&#8217;esigenza di assicurare il rispetto delle norme contrattuali.<\/p>\n<p>E&#8217; poi toccato ad Enrico Bossa &#8211; funzionario nazionale della Fita Cna &#8211; tracciare il quadro della nuova disciplina relativa alla cosiddetta CQC abbreviazione che significa Carta di Qualificazione dei Conducenti, introdotta dalla normativa europea come elemento di ulteriore qualificazione del mondo dell&#8217;autotrasporto.<\/p>\n<p>La parte forse pi\u00f9 apprezzata \u00e8 stata quella che ha visto protagonisti l&#8217;ispettore capo Negri ed un suo assistente come esponenti del Comando di Polizia Stradale savonese, che hanno portato un elevato contributo di conoscenza e competenza per quanto riguarda il decisivo tema dei controlli su strada. Qui molte sono state le domande interessate da parte dei numerosi autotrasportatori presenti che hanno potuto conoscere dalla viva voce dei protagonisti come si svolgono e quali effetti producono gli interventi dell&#8217;autorit\u00e0 di vigilanza.<\/p>\n<p>Secondo Pino Barberis, presidente provinciale Fita Cna, &#8220;sempre pi\u00f9 il tema della legalit\u00e0 e quello della sicurezza saranno le sfide che ci permetteranno di innalzare il livello di competitivit\u00e0 delle nostre aziende specialmente dopo l&#8217;apertura delle frontiere e l&#8217;allargamento dei confini della Comunit\u00e0 Europea a nuovi Paesi. Su questo terreno &#8211; ha proseguito &#8211; la categoria si gioca tutto il suo futuro e la Fita Cna si impegna svolgere un ruolo perch\u00e9 la conoscenza e l&#8217;osservanza delle norme diventi un patrimonio di tutti gli autotrasportatori&#8221;.<\/p>\n","protected":false},"excerpt":{"rendered":"<p>[thumb:4768:l]Savona. Legalit\u00e0 e sicurezza al centro di un convegno organizzato dalla Fita-Cna di Savona che si \u00e8 svolto nella Sala Rossa del Comune. &#8220;La crisi verticale che st\u00e0 colpendo duramente il settore che registra un calo vertiginoso del fatturato, deriva oltre che dal crollo della produzione industriale, dal proliferare di un sistema selvaggio di concorrenza [&hellip;]<\/p>\n","protected":false},"author":13744,"featured_media":0,"comment_status":"open","ping_status":"closed","sticky":false,"template":"","format":"standard","meta":{"footnotes":""},"categories":[35],"tags":[9562,4118,748,85850,765],"class_list":["post-59262","post","type-post","status-publish","format-standard","hentry","category-economia","tag-autotrasporto","tag-cna","tag-polizia","tag-savona","tag-strada","post_cat_citta-andora","post_cat_citta-savona"],"amp_validity":null,"amp_enabled":true,"_links":{"self":[{"href":"https:\/\/staging.ivg.it\/ediapi\/wp\/v2\/posts\/59262","targetHints":{"allow":["GET"]}}],"collection":[{"href":"https:\/\/staging.ivg.it\/ediapi\/wp\/v2\/posts"}],"about":[{"href":"https:\/\/staging.ivg.it\/ediapi\/wp\/v2\/types\/post"}],"author":[{"embeddable":true,"href":"https:\/\/staging.ivg.it\/ediapi\/wp\/v2\/users\/13744"}],"replies":[{"embeddable":true,"href":"https:\/\/staging.ivg.it\/ediapi\/wp\/v2\/comments?post=59262"}],"version-history":[{"count":0,"href":"https:\/\/staging.ivg.it\/ediapi\/wp\/v2\/posts\/59262\/revisions"}],"wp:attachment":[{"href":"https:\/\/staging.ivg.it\/ediapi\/wp\/v2\/media?parent=59262"}],"wp:term":[{"taxonomy":"category","embeddable":true,"href":"https:\/\/staging.ivg.it\/ediapi\/wp\/v2\/categories?post=59262"},{"taxonomy":"post_tag","embeddable":true,"href":"https:\/\/staging.ivg.it\/ediapi\/wp\/v2\/tags?post=59262"}],"curies":[{"name":"wp","href":"https:\/\/api.w.org\/{rel}","templated":true}]}}