{"id":59197,"date":"2009-05-12T09:38:55","date_gmt":"2009-05-12T07:38:55","guid":{"rendered":"http:\/\/www.ivg.it\/2009\/05\/12\/garlenda-il-castello-costa-del-carretto-riapre-in-grande-stile\/"},"modified":"2009-05-12T18:20:11","modified_gmt":"2009-05-12T16:20:11","slug":"garlenda-il-castello-costa-del-carretto-riapre-in-grande-stile","status":"publish","type":"post","link":"https:\/\/staging.ivg.it\/2009\/05\/garlenda-il-castello-costa-del-carretto-riapre-in-grande-stile\/","title":{"rendered":"Garlenda, il Castello Costa del Carretto riapre in grande stile"},"content":{"rendered":"<p><strong>[thumb:12137:l]Garlenda<\/strong>. Il Castello Costa del Carretto \u00e8 stato restituito al suo antico splendore dopo un lungo intervento di restauro. La giornata del 31 maggio 2009 sar\u00e0 dedicata alla riapertura ufficiale del suggestivo maniero di Garlenda, in una cornice di valorizzazione anche dei prodotti enogastronomici locali.<\/p>\n<p>L&#8217;inaugurazione con i saluti delle autorit\u00e0 e la benedizione del parroco \u00e8 prevista per le ore 10,30. A seguire l&#8217;organizzazione della Strada del Vino e dell&#8217;Olio offrir\u00e0 un piccolo rinfresco, realizzando in particolare nelle cantine dell&#8217;edificio un&#8217;esposizione permanente di prodotti tipici.<\/p>\n<p>Nel pomeriggio, verso le 15,30, nella sala multimediale realizzata al primo piano, si terr\u00e0 un convegno sulla storia ed il restauro del Castello. Al termine dell&#8217;incontro, nelle stanze sempre al piano primo, le aziende della Strada Strada del Vino e dell&#8217;Olio allestiranno un degustazione dei loro prodotti: vino, olio, stuzzichini e tutto quanto possa attirare il palato.<\/p>\n<p>Con l&#8217;apertura del Castello, riprender\u00e0, il 10 agosto, anche &#8220;Calici di Stelle&#8221;, l&#8217;importante evento che abbina il vino a note di musica, in un&#8217;occasione molto suggestiva quale \u00e8 la notte di San Lorenzo. Nelle cantine del Castello si snoder\u00e0 un percoso di degustazione dei migliori vini locali accompagnato da alcuni piatti tipici liguri.<\/p>\n<p>Nel giardino del Castello, invece, si svolger\u00e0 un concerto dal titolo &#8220;Le donne di Puccini&#8221;: verranno eseguiti e cantati i brani musicali pi\u00f9 celebri che il grande compositore ha dedicato alle figure femminili. Per la realizzazione di questo spettacolo Garlenda ha aderito al calendario eventi di &#8220;Antichi borghi di Liguria&#8221;.<\/p>\n<p>[image:12138:c]<\/p>\n","protected":false},"excerpt":{"rendered":"<p>[thumb:12137:l]Garlenda. Il Castello Costa del Carretto \u00e8 stato restituito al suo antico splendore dopo un lungo intervento di restauro. La giornata del 31 maggio 2009 sar\u00e0 dedicata alla riapertura ufficiale del suggestivo maniero di Garlenda, in una cornice di valorizzazione anche dei prodotti enogastronomici locali. L&#8217;inaugurazione con i saluti delle autorit\u00e0 e la benedizione del [&hellip;]<\/p>\n","protected":false},"author":13744,"featured_media":0,"comment_status":"open","ping_status":"closed","sticky":false,"template":"","format":"standard","meta":{"footnotes":""},"categories":[],"tags":[1199,9545,85974,200,2857],"class_list":["post-59197","post","type-post","status-publish","format-standard","hentry","tag-castello","tag-castello-costa-del-carretto","tag-garlenda","tag-inaugurazione","tag-restauro","post_cat_citta-garlenda"],"amp_validity":null,"amp_enabled":true,"_links":{"self":[{"href":"https:\/\/staging.ivg.it\/ediapi\/wp\/v2\/posts\/59197","targetHints":{"allow":["GET"]}}],"collection":[{"href":"https:\/\/staging.ivg.it\/ediapi\/wp\/v2\/posts"}],"about":[{"href":"https:\/\/staging.ivg.it\/ediapi\/wp\/v2\/types\/post"}],"author":[{"embeddable":true,"href":"https:\/\/staging.ivg.it\/ediapi\/wp\/v2\/users\/13744"}],"replies":[{"embeddable":true,"href":"https:\/\/staging.ivg.it\/ediapi\/wp\/v2\/comments?post=59197"}],"version-history":[{"count":0,"href":"https:\/\/staging.ivg.it\/ediapi\/wp\/v2\/posts\/59197\/revisions"}],"wp:attachment":[{"href":"https:\/\/staging.ivg.it\/ediapi\/wp\/v2\/media?parent=59197"}],"wp:term":[{"taxonomy":"category","embeddable":true,"href":"https:\/\/staging.ivg.it\/ediapi\/wp\/v2\/categories?post=59197"},{"taxonomy":"post_tag","embeddable":true,"href":"https:\/\/staging.ivg.it\/ediapi\/wp\/v2\/tags?post=59197"}],"curies":[{"name":"wp","href":"https:\/\/api.w.org\/{rel}","templated":true}]}}