{"id":59039,"date":"2009-05-11T08:37:38","date_gmt":"2009-05-11T06:37:38","guid":{"rendered":"http:\/\/www.ivg.it\/2009\/05\/11\/vacanze-meta-degli-italiani-non-ha-ancora-organizzato-le-ferie\/"},"modified":"2009-05-11T11:12:25","modified_gmt":"2009-05-11T09:12:25","slug":"vacanze-meta-degli-italiani-non-ha-ancora-organizzato-le-ferie","status":"publish","type":"post","link":"https:\/\/staging.ivg.it\/2009\/05\/vacanze-meta-degli-italiani-non-ha-ancora-organizzato-le-ferie\/","title":{"rendered":"Vacanze, met\u00e0 degli italiani non ha ancora organizzato le ferie"},"content":{"rendered":"<p>[thumb:8104:l]Mancano poche settimane all&#8217;estate, ma circa la met\u00e0 degli italiani deve ancora prenotarsi una vacanza. E nei primi tre mesi di quest&#8217;anno il numero di viaggi-vacanza complessivo \u00e8 sceso del 5% rispetto al 2008. L&#8217;aria di crisi, insomma, sebbene si sia allentata, si fa ancora sentire e condiziona le scelte della gente, ancora orientate alla prudenza. A fare una prima analisi proiettata anche sulla prossima estate \u00e8 il rapporto Unioncamere 2009, che dedica una sezione al nuovo modo di fare vacanza in tempi di crisi.<\/p>\n<p>Il dato sulle prenotazioni per quest&#8217;estate non pu\u00f2 essere preso ancora come definitivo. Per avere un&#8217;idea pi\u00f9 chiara di come andranno le cose bisogner\u00e0 aspettare ancora un po&#8217; e avere cifre pi\u00f9 complete. Anzi: l&#8217;andamento dell&#8217;estate 2009 sar\u00e0 centrale sul bilancio turistico dell&#8217;intero anno. I numeri di Unioncamere descrivono per\u00f2 una tendenza al risparmio, anche perch\u00e9 alle spalle c&#8217;\u00e9 un 2008 che ha visto contrarsi del 5,6% le partenze degli italiani, scese dai 155,2 milioni del 2007 a 146,5 milioni. E la tendenza \u00e8 quella che indica un calo delle vacanze lunghe in Italia, di quelle brevi all&#8217;estero e una crescita dei soggiorni in appartamento anzich\u00e9 in hotel.<\/p>\n<p>Una miscela che fa s\u00ec che circa il 48% degli italiani non abbia ancora prenotato una vacanza per quest&#8217;estate. &#8220;A lasciare ben sperare, \u00e8 il 52,3% della popolazione, pari a 24,7 milioni di persone, che dichiara di averla gi\u00e0 pianificata&#8221;, si legge nel rapporto. Unioncamere ha analizzato l&#8217;andamento delle prenotazioni di camere alberghiere nel periodo gennaio-giugno di quest&#8217;anno. A fronte di un primo trimestre in cui le imprese ricettive hanno impiegato circa il 37% delle camere disponibili, dato in lieve calo sul 2008, le prenotazioni registrate nel secondo trimestre si attestano su valori &#8220;piuttosto bassi&#8221;. In aprile il dato medio \u00e8 stato del 30,1% (fa eccezione Pasqua, 47%), a maggio del 23,8% e la proiezione di giugno d\u00e0 il 27%. Negli stessi mesi del 2008 le percentuali di riempimento erano state rispettivamente del 33,4%, del 31,1% e del 31,4%.<\/p>\n<p>Nel primo trimestre 2009, inoltre, gli italiano s\u00ec svolto oltre 15 milioni di vacanze, tra destinazioni nazionali ed estere. Ma la cifra segnala una contrazione del 5% rispetto allo stesso trimestre 2008. Un trend in calo, quindi, di cui potrebbe risentire anche la prossima estate. Gi\u00e0 l&#8217;anno scorso, del resto, si era registrata, si media annua, una riduzione complessiva delle camere vendute nelle strutture ricettive: il rapporto Unioncamere segnala un riduzione del 6,7% nel confronto col 2007. Un &#8216;taglio&#8217; che ha pesato sui fatturati delle imprese alberghiere e ricettive, producendo una perdita del 6,2% pari a 927 milioni di euro.<\/p>\n","protected":false},"excerpt":{"rendered":"<p>[thumb:8104:l]Mancano poche settimane all&#8217;estate, ma circa la met\u00e0 degli italiani deve ancora prenotarsi una vacanza. E nei primi tre mesi di quest&#8217;anno il numero di viaggi-vacanza complessivo \u00e8 sceso del 5% rispetto al 2008. L&#8217;aria di crisi, insomma, sebbene si sia allentata, si fa ancora sentire e condiziona le scelte della gente, ancora orientate alla [&hellip;]<\/p>\n","protected":false},"author":13744,"featured_media":0,"comment_status":"open","ping_status":"closed","sticky":false,"template":"","format":"standard","meta":{"footnotes":""},"categories":[],"tags":[85850,107,3134,418],"class_list":["post-59039","post","type-post","status-publish","format-standard","hentry","tag-savona","tag-turismo","tag-unioncamere","tag-vacanze","post_cat_citta-andora"],"amp_validity":null,"amp_enabled":true,"_links":{"self":[{"href":"https:\/\/staging.ivg.it\/ediapi\/wp\/v2\/posts\/59039","targetHints":{"allow":["GET"]}}],"collection":[{"href":"https:\/\/staging.ivg.it\/ediapi\/wp\/v2\/posts"}],"about":[{"href":"https:\/\/staging.ivg.it\/ediapi\/wp\/v2\/types\/post"}],"author":[{"embeddable":true,"href":"https:\/\/staging.ivg.it\/ediapi\/wp\/v2\/users\/13744"}],"replies":[{"embeddable":true,"href":"https:\/\/staging.ivg.it\/ediapi\/wp\/v2\/comments?post=59039"}],"version-history":[{"count":0,"href":"https:\/\/staging.ivg.it\/ediapi\/wp\/v2\/posts\/59039\/revisions"}],"wp:attachment":[{"href":"https:\/\/staging.ivg.it\/ediapi\/wp\/v2\/media?parent=59039"}],"wp:term":[{"taxonomy":"category","embeddable":true,"href":"https:\/\/staging.ivg.it\/ediapi\/wp\/v2\/categories?post=59039"},{"taxonomy":"post_tag","embeddable":true,"href":"https:\/\/staging.ivg.it\/ediapi\/wp\/v2\/tags?post=59039"}],"curies":[{"name":"wp","href":"https:\/\/api.w.org\/{rel}","templated":true}]}}