{"id":58951,"date":"2009-05-11T08:30:54","date_gmt":"2009-05-11T06:30:54","guid":{"rendered":"http:\/\/www.ivg.it\/2009\/05\/09\/industria-riparte-la-nuova-villetti-di-cairo\/"},"modified":"2009-05-11T11:20:33","modified_gmt":"2009-05-11T09:20:33","slug":"industria-riparte-la-nuova-villetti-di-cairo","status":"publish","type":"post","link":"https:\/\/staging.ivg.it\/2009\/05\/industria-riparte-la-nuova-villetti-di-cairo\/","title":{"rendered":"Industria: riparte la Nuova Viglietti di Cairo"},"content":{"rendered":"<p><strong>[thumb:39:l]Cairo Montenotte.<\/strong> Riparte domani, marted\u00ec 12 maggio, con l&#8217;inaugurazione ufficiale, l&#8217;attivit\u00e0 della nuova Viglietti Spa di Cairo Montenotte, l&#8217;azienda specializzata nelle lavorazioni meccaniche per il settore aeronautico. Il nuovo sito produttivo rientra negli accordi, anche sindacali, relativi al trasferimento della Piaggio a Villanova d&#8217;Albenga.<\/p>\n<p>L&#8217;azienda riprende la propria attivit\u00e0 dopo un periodo di crisi, con la richiesta di liquidazione. L&#8217;operazione di recupero dello stabilimento ha visto protagoniste una cordata di cooperative liguri guidate da Officine Vadesi e sostenute da Banca Unipol e dalle finanziarie Coopfond e Ligurcapital. A consentire il rilancio dell&#8217;ex Viglietti \u00e8 stato l&#8217;accordo industriale con Piaggio Aero che ha sottoscritto con la Nuova Viglietti un contratto biennale per 12 mila ore all&#8217;anno.<\/p>\n<p>Nuova Viglietti Aero \u00e8 entrata a far parte del consorzio di imprese Assip, che riunisce altre 18 imprese del comprensorio vadese e della Valle Bormida. Il capitale iniziale \u00e8 di 600 mila euro e il consiglio di amministrazione \u00e8 composto dal presidente Ermanno Sacchi, che \u00e8 anche presidente di Officine Vadesi e del consorzio Assip, dalla vicepresidente Simona Lanza e dal consigliere Valerio Ghisolfi. Inizialmente saranno riassorbite 7-8 unit\u00e0 lavorative della vecchia gestione Viglietti; poi, a fase di avviamento completata, l&#8217;organico sar\u00e0 attestato intorno alle 14-15 unit\u00e0. Nel frattempo l&#8217;Amministrazione Provinciale gestisce una serie di corsi di riqualificazione per gli ex dipendenti Viglietti posti lo scorso anno in cassa integrazione straordinaria.<\/p>\n","protected":false},"excerpt":{"rendered":"<p>[thumb:39:l]Cairo Montenotte. Riparte domani, marted\u00ec 12 maggio, con l&#8217;inaugurazione ufficiale, l&#8217;attivit\u00e0 della nuova Viglietti Spa di Cairo Montenotte, l&#8217;azienda specializzata nelle lavorazioni meccaniche per il settore aeronautico. Il nuovo sito produttivo rientra negli accordi, anche sindacali, relativi al trasferimento della Piaggio a Villanova d&#8217;Albenga. L&#8217;azienda riprende la propria attivit\u00e0 dopo un periodo di crisi, con [&hellip;]<\/p>\n","protected":false},"author":13744,"featured_media":0,"comment_status":"open","ping_status":"closed","sticky":false,"template":"","format":"standard","meta":{"footnotes":""},"categories":[35],"tags":[85841,85987,7256,1817,2376],"class_list":["post-58951","post","type-post","status-publish","format-standard","hentry","category-economia","tag-albenga","tag-cairo-montenotte","tag-cassa-integrazione-straordinaria","tag-industria","tag-trasferimento","post_cat_citta-andora","post_cat_citta-cairo-montenotte"],"amp_validity":null,"amp_enabled":true,"_links":{"self":[{"href":"https:\/\/staging.ivg.it\/ediapi\/wp\/v2\/posts\/58951","targetHints":{"allow":["GET"]}}],"collection":[{"href":"https:\/\/staging.ivg.it\/ediapi\/wp\/v2\/posts"}],"about":[{"href":"https:\/\/staging.ivg.it\/ediapi\/wp\/v2\/types\/post"}],"author":[{"embeddable":true,"href":"https:\/\/staging.ivg.it\/ediapi\/wp\/v2\/users\/13744"}],"replies":[{"embeddable":true,"href":"https:\/\/staging.ivg.it\/ediapi\/wp\/v2\/comments?post=58951"}],"version-history":[{"count":0,"href":"https:\/\/staging.ivg.it\/ediapi\/wp\/v2\/posts\/58951\/revisions"}],"wp:attachment":[{"href":"https:\/\/staging.ivg.it\/ediapi\/wp\/v2\/media?parent=58951"}],"wp:term":[{"taxonomy":"category","embeddable":true,"href":"https:\/\/staging.ivg.it\/ediapi\/wp\/v2\/categories?post=58951"},{"taxonomy":"post_tag","embeddable":true,"href":"https:\/\/staging.ivg.it\/ediapi\/wp\/v2\/tags?post=58951"}],"curies":[{"name":"wp","href":"https:\/\/api.w.org\/{rel}","templated":true}]}}