{"id":58354,"date":"2009-05-05T11:55:36","date_gmt":"2009-05-05T09:55:36","guid":{"rendered":"http:\/\/www.ivg.it\/2009\/05\/05\/savona-giornata-di-festa-per-la-polisportiva-sampor\/"},"modified":"2009-05-05T12:00:08","modified_gmt":"2009-05-05T10:00:08","slug":"savona-giornata-di-festa-per-la-polisportiva-sampor","status":"publish","type":"post","link":"https:\/\/staging.ivg.it\/2009\/05\/savona-giornata-di-festa-per-la-polisportiva-sampor\/","title":{"rendered":"Savona, giornata di festa per la Polisportiva Sampor"},"content":{"rendered":"<p><strong>[thumb:10364:l]Savona<\/strong>. Domenica 24 maggio, la Polisportiva Sampor di Savona, l&#8217;unica nella citt\u00e0, organizzer\u00e0 la manifestazione &#8220;Sampor in festa&#8221;. La giornata si svolger\u00e0 nel quartiere OltreLetimbro di corso Tardy e Benech e sar\u00e0 dedicata completamente all&#8217;attivit\u00e0 sportiva fin dalle prime ore del mattino.<\/p>\n<p>Alle ore 9, presso i giardini di fronte alle scuole De Amicis, si svolger\u00e0 un torneo di minivolley con la Sampor Pallavolo che proseguir\u00e0 per tutto l&#8217;arco della giornata. Contemporaneamente sar\u00e0 possibile assistere all&#8217;esibizione del Liguria di hockey prato. Nel corso del pomeriggio, sar\u00e0 la volta della Sampor Calcio Femminile che affronter\u00e0 in un triangolare altre due compagini liguri.<\/p>\n<p>&#8220;Per la nostra societ\u00e0 &#8211; spiega Giovanni Piccardo, responsabile del settore calcio della Sampor &#8211; sar\u00e0 un&#8217;occasione fondamentale al fine di fare conoscere la realt\u00e0 femminile savonese, alquanto arida dal punto di vista calcistico. Ci proponiamo come prima realt\u00e0 cittadina e vogliamo invitare tante ragazzine che siano interessate a iniziare a giocare a calcio a contattarci telefonando al 3209714077&#8221;.<\/p>\n","protected":false},"excerpt":{"rendered":"<p>[thumb:10364:l]Savona. Domenica 24 maggio, la Polisportiva Sampor di Savona, l&#8217;unica nella citt\u00e0, organizzer\u00e0 la manifestazione &#8220;Sampor in festa&#8221;. La giornata si svolger\u00e0 nel quartiere OltreLetimbro di corso Tardy e Benech e sar\u00e0 dedicata completamente all&#8217;attivit\u00e0 sportiva fin dalle prime ore del mattino. Alle ore 9, presso i giardini di fronte alle scuole De Amicis, si [&hellip;]<\/p>\n","protected":false},"author":18,"featured_media":0,"comment_status":"open","ping_status":"closed","sticky":false,"template":"","format":"standard","meta":{"footnotes":""},"categories":[32],"tags":[85989,7535,9382,739,85997,85850],"class_list":["post-58354","post","type-post","status-publish","format-standard","hentry","category-sport","tag-calcio","tag-corso-tardy-e-benech","tag-giovanni-piccardo","tag-hockey-prato","tag-pallavolo","tag-savona","post_cat_citta-savona"],"amp_validity":null,"amp_enabled":true,"_links":{"self":[{"href":"https:\/\/staging.ivg.it\/ediapi\/wp\/v2\/posts\/58354","targetHints":{"allow":["GET"]}}],"collection":[{"href":"https:\/\/staging.ivg.it\/ediapi\/wp\/v2\/posts"}],"about":[{"href":"https:\/\/staging.ivg.it\/ediapi\/wp\/v2\/types\/post"}],"author":[{"embeddable":true,"href":"https:\/\/staging.ivg.it\/ediapi\/wp\/v2\/users\/18"}],"replies":[{"embeddable":true,"href":"https:\/\/staging.ivg.it\/ediapi\/wp\/v2\/comments?post=58354"}],"version-history":[{"count":0,"href":"https:\/\/staging.ivg.it\/ediapi\/wp\/v2\/posts\/58354\/revisions"}],"wp:attachment":[{"href":"https:\/\/staging.ivg.it\/ediapi\/wp\/v2\/media?parent=58354"}],"wp:term":[{"taxonomy":"category","embeddable":true,"href":"https:\/\/staging.ivg.it\/ediapi\/wp\/v2\/categories?post=58354"},{"taxonomy":"post_tag","embeddable":true,"href":"https:\/\/staging.ivg.it\/ediapi\/wp\/v2\/tags?post=58354"}],"curies":[{"name":"wp","href":"https:\/\/api.w.org\/{rel}","templated":true}]}}